{"id":472,"count":1,"description":"","link":"https:\/\/razaocontab.com\/?tag=reducao-de-salario-dos-trabalhadores","name":"Redu\u00e7\u00e3o de sal\u00e1rio dos Trabalhadores","slug":"reducao-de-salario-dos-trabalhadores","taxonomy":"post_tag","meta":[],"_links":{"self":[{"href":"https:\/\/razaocontab.com\/index.php?rest_route=\/wp\/v2\/tags\/472","targetHints":{"allow":["GET"]}}],"collection":[{"href":"https:\/\/razaocontab.com\/index.php?rest_route=\/wp\/v2\/tags"}],"about":[{"href":"https:\/\/razaocontab.com\/index.php?rest_route=\/wp\/v2\/taxonomies\/post_tag"}],"wp:post_type":[{"href":"https:\/\/razaocontab.com\/index.php?rest_route=%2Fwp%2Fv2%2Fposts&tags=472"}],"curies":[{"name":"wp","href":"https:\/\/api.w.org\/{rel}","templated":true}]}}