{"id":7493,"date":"2025-09-26T10:02:05","date_gmt":"2025-09-26T13:02:05","guid":{"rendered":"https:\/\/razaocontab-com.umbler.net\/?p=7493"},"modified":"2025-09-26T10:02:05","modified_gmt":"2025-09-26T13:02:05","slug":"exclusao-de-socio-guia-completo-para-proceder-corretamente","status":"publish","type":"post","link":"https:\/\/razaocontab.com\/?p=7493","title":{"rendered":"Exclus\u00e3o de S\u00f3cio: Guia Completo para Proceder Corretamente"},"content":{"rendered":"<h2><strong>Exclus\u00e3o de s\u00f3cio: guia essencial para proceder corretamente na sua empresa<\/strong><\/h2>\n<p><span style=\"font-weight: 400;\">Descubra os passos cruciais e as melhores pr\u00e1ticas para realizar a exclus\u00e3o de s\u00f3cio de forma eficaz, protegendo os interesses da sua empresa e garantindo um processo legal e tranquilo.<\/span><\/p>\n<p><span style=\"font-weight: 400;\">A <\/span><b>exclus\u00e3o de s\u00f3cio<\/b><span style=\"font-weight: 400;\"> \u00e9 um processo delicado, mas muitas vezes inevit\u00e1vel para garantir a sa\u00fade e a continuidade de uma empresa.\u00a0<\/span><\/p>\n<p><span style=\"font-weight: 400;\">Conflitos entre s\u00f3cios, descumprimento de<\/span><b> obriga\u00e7\u00f5es ou incompatibilidades<\/b><span style=\"font-weight: 400;\"> podem gerar situa\u00e7\u00f5es que prejudicam a gest\u00e3o do neg\u00f3cio.\u00a0<\/span><\/p>\n<p><span style=\"font-weight: 400;\">Para empres\u00e1rios compreender como agir nesse momento <\/span><b>\u00e9 fundamental <\/b><span style=\"font-weight: 400;\">para evitar preju\u00edzos legais, financeiros e de imagem.<\/span><\/p>\n<p><span style=\"font-weight: 400;\">Neste artigo, a <\/span><a href=\"https:\/\/razaocontab.com\/\" target=\"_blank\" rel=\"noopener\"><b>RAZ\u00c3O ORGANIZA\u00c7\u00c3O CONT\u00c1BIL<\/b><\/a><b>, <\/b><span style=\"font-weight: 400;\">localizada em Pedro de Aldeia, traz um guia pr\u00e1tico com orienta\u00e7\u00f5es essenciais sobre exclus\u00e3o de s\u00f3cio.<\/span><\/p>\n<p><span style=\"font-weight: 400;\">Quer saber como realizar esse processo de forma<\/span><b> pr\u00e1tica e segura<\/b><span style=\"font-weight: 400;\">?<\/span><\/p>\n<p><span style=\"font-weight: 400;\">Continue a leitura!<\/span><\/p>\n<h3><strong>O que \u00e9 a exclus\u00e3o de s\u00f3cio e quando deve ser aplicada?<\/strong><\/h3>\n<p><span style=\"font-weight: 400;\">A <\/span><b>exclus\u00e3o de s\u00f3cio<\/b><span style=\"font-weight: 400;\"> \u00e9 a retirada formal de um participante do quadro societ\u00e1rio de uma empresa.<\/span><\/p>\n<p><span style=\"font-weight: 400;\">Ela pode ocorrer por <\/span><b>diferentes raz\u00f5es<\/b><span style=\"font-weight: 400;\">, como:<\/span><\/p>\n<ul>\n<li style=\"font-weight: 400;\" aria-level=\"1\"><span style=\"font-weight: 400;\">Quebra de confian\u00e7a ou incompatibilidade entre s\u00f3cios;<\/span><\/li>\n<li style=\"font-weight: 400;\" aria-level=\"1\"><span style=\"font-weight: 400;\">Descumprimento de obriga\u00e7\u00f5es legais ou contratuais;<\/span><\/li>\n<li style=\"font-weight: 400;\" aria-level=\"1\"><span style=\"font-weight: 400;\">Condutas que prejudiquem diretamente o funcionamento da empresa.<\/span>&nbsp;<\/li>\n<\/ul>\n<p><span style=\"font-weight: 400;\">Antes de tomar a decis\u00e3o, \u00e9<\/span><b> indispens\u00e1vel <\/b><span style=\"font-weight: 400;\">analisar o contrato social, verificar se existem cl\u00e1usulas espec\u00edficas sobre a exclus\u00e3o e, principalmente, reunir provas documentadas.<\/span><\/p>\n<p><span style=\"font-weight: 400;\">Esse cuidado garante que o processo seja<\/span><b> leg\u00edtimo e evita lit\u00edgios futuros.<\/b><\/p>\n<h3><strong>Principais desafios na exclus\u00e3o de s\u00f3cio<\/strong><\/h3>\n<p><span style=\"font-weight: 400;\">Proceder com a <\/span><b>exclus\u00e3o de s\u00f3cio<\/b><span style=\"font-weight: 400;\"> sem a devida aten\u00e7\u00e3o pode trazer s\u00e9rias consequ\u00eancias.\u00a0<\/span><\/p>\n<p><span style=\"font-weight: 400;\">Entre as <\/span><b>mais comuns<\/b><span style=\"font-weight: 400;\"> est\u00e3o disputas judiciais longas, impacto na reputa\u00e7\u00e3o da empresa e dificuldades financeiras.<\/span><\/p>\n<p><span style=\"font-weight: 400;\">Al\u00e9m disso, a tens\u00e3o entre os s\u00f3cios pode afetar diretamente a produtividade e o clima organizacional.<\/span><\/p>\n<p><span style=\"font-weight: 400;\">Por isso, o ideal \u00e9<\/span><b> sempre buscar solu\u00e7\u00f5es amig\u00e1veis <\/b><span style=\"font-weight: 400;\">antes de recorrer \u00e0 exclus\u00e3o.\u00a0<\/span><\/p>\n<p><span style=\"font-weight: 400;\">Quando n\u00e3o h\u00e1 alternativa, seguir todos os tr\u00e2mites legais \u00e9 indispens\u00e1vel.<\/span><\/p>\n<p><span style=\"font-weight: 400;\">Nesse ponto, <\/span><b>contar com orienta\u00e7\u00e3o cont\u00e1bil<\/b><span style=\"font-weight: 400;\">, como a <\/span><a href=\"https:\/\/razaocontab.com\/\" target=\"_blank\" rel=\"noopener\"><b>RAZ\u00c3O ORGANIZA\u00c7\u00c3O CONT\u00c1BIL<\/b><\/a><b>, <\/b><span style=\"font-weight: 400;\">\u00e9 um diferencial estrat\u00e9gico para evitar armadilhas.<\/span><span style=\"font-weight: 400;\"><br \/>\n<\/span><\/p>\n<h3><strong>Passo a passo para realizar a exclus\u00e3o de s\u00f3cio corretamente<\/strong><\/h3>\n<p><span style=\"font-weight: 400;\">Conduzir a <\/span><b>exclus\u00e3o societ\u00e1ria<\/b><span style=\"font-weight: 400;\"> exige <\/span><b>planejamento e aten\u00e7\u00e3o a detalhes.\u00a0<\/b><\/p>\n<p><span style=\"font-weight: 400;\">Veja os principais passos:<\/span><\/p>\n<ul>\n<li style=\"font-weight: 400;\" aria-level=\"1\"><b>Revisar o contrato social<\/b><span style=\"font-weight: 400;\">: entender quais cl\u00e1usulas regulam a exclus\u00e3o.<\/span>&nbsp;<\/li>\n<li style=\"font-weight: 400;\" aria-level=\"1\"><b>Documentar os motivos<\/b><span style=\"font-weight: 400;\">: reunir provas que justifiquem a decis\u00e3o.<\/span>&nbsp;<\/li>\n<li style=\"font-weight: 400;\" aria-level=\"1\"><b>Comunicar de forma transparente<\/b><span style=\"font-weight: 400;\">: manter o respeito e profissionalismo na condu\u00e7\u00e3o do processo.<\/span>&nbsp;<\/li>\n<li style=\"font-weight: 400;\" aria-level=\"1\"><b>Atualizar registros oficiais<\/b><span style=\"font-weight: 400;\">: realizar as altera\u00e7\u00f5es perante \u00f3rg\u00e3os competentes.<\/span>&nbsp;<\/li>\n<li style=\"font-weight: 400;\" aria-level=\"1\"><b>Buscar apoio especializado<\/b><span style=\"font-weight: 400;\">: garantir que cada etapa respeite a legisla\u00e7\u00e3o vigente.<\/span><span style=\"font-weight: 400;\"><br \/>\n<\/span><\/li>\n<\/ul>\n<p><span style=\"font-weight: 400;\">Seguir esse roteiro reduz riscos e assegura uma transi\u00e7\u00e3o <\/span><b>mais tranquila.<\/b><\/p>\n<p><span style=\"font-weight: 400;\">Gostaria de aprofundar seus conhecimentos em estrat\u00e9gias para alavancar seus resultados?<\/span><\/p>\n<p><span style=\"font-weight: 400;\">Explore outros artigos do <\/span><a href=\"https:\/\/razaocontab.com\/blog\/\"><span style=\"font-weight: 400;\"><strong>nosso blog<\/strong><\/span><\/a><span style=\"font-weight: 400;\"> e descubra <\/span><b>mais dicas valiosas <\/b><span style=\"font-weight: 400;\">para fortalecer sua gest\u00e3o empresarial.<\/span><\/p>\n<ul>\n<li style=\"font-weight: 400;\" aria-level=\"1\"><strong><a href=\"https:\/\/razaocontab.com\/abertura-de-empresa-no-simples-nacional-guia-pratico-e-completo-para-iniciantes\/\">Abertura de Empresa no Simples Nacional: Guia Pr\u00e1tico e Completo para Iniciantes<\/a><\/strong><\/li>\n<li style=\"font-weight: 400;\" aria-level=\"1\"><strong><a href=\"https:\/\/razaocontab.com\/como-mudar-de-mei-para-me-guia-completo-e-passo-a-passo\/\">Como Mudar de MEI para ME: Guia Completo e Passo a Passo<\/a><\/strong><\/li>\n<li style=\"font-weight: 400;\" aria-level=\"1\"><strong><a href=\"https:\/\/razaocontab.com\/planejamento-financeiro-empresarial-sucesso-em-tempos-de-crise\/\">Planejamento Financeiro Empresarial: Sucesso em Tempos de Crise<\/a><\/strong><\/li>\n<\/ul>\n<p><span style=\"font-weight: 400;\">Esses conte\u00fados complementares v\u00e3o ampliar sua vis\u00e3o sobre gest\u00e3o e mostrar como pequenas mudan\u00e7as podem gerar grandes resultados.<\/span><\/p>\n<h2><strong><em>Conte com a RAZ\u00c3O ORGANIZA\u00c7\u00c3O CONT\u00c1BIL para uma exclus\u00e3o de s\u00f3cio segura<\/em><\/strong><\/h2>\n<p><span style=\"font-weight: 400;\">Como vimos neste artigo, a <\/span><b>exclus\u00e3o de s\u00f3cio<\/b><span style=\"font-weight: 400;\"> exige preparo, embasamento legal e acompanhamento profissional.\u00a0<\/span><\/p>\n<p><span style=\"font-weight: 400;\">Por isso, a <\/span><a href=\"https:\/\/razaocontab.com\/\" target=\"_blank\" rel=\"noopener\"><b>RAZ\u00c3O ORGANIZA\u00c7\u00c3O CONT\u00c1BIL<\/b><\/a><span style=\"font-weight: 400;\"> em S\u00e3o Pedro da Aldeia, oferece suporte completo em cada etapa desse processo.<\/span><\/p>\n<p><span style=\"font-weight: 400;\">Com expertise em contabilidade empresarial, a nossa equipe garante que todos os aspectos legais sejam observados, evitando complica\u00e7\u00f5es futuras e protegendo os interesses da sua empresa.<\/span><\/p>\n<p><span style=\"font-weight: 400;\">N\u00e3o permita que a <\/span><b>exclus\u00e3o de s\u00f3cio<\/b><span style=\"font-weight: 400;\"> comprometa seu neg\u00f3cio.\u00a0<\/span><\/p>\n<p><b>Fale agora conosco<\/b><span style=\"font-weight: 400;\"> e descubra como conduzir esse procedimento de forma <\/span><b>estrat\u00e9gica e segura.<\/b><\/p>\n<p><a class=\"bt-post\" href=\"\/contato\" target=\"\\\\\\_blank\" rel=\"noopener\">fale com um de nossos especialistas&lt;\/a<\/a><\/p>\n","protected":false},"excerpt":{"rendered":"<p>Exclus\u00e3o de s\u00f3cio: guia essencial para proceder corretamente na sua empresa Descubra os passos cruciais e as melhores pr\u00e1ticas para realizar a exclus\u00e3o de s\u00f3cio de forma eficaz, protegendo os interesses da sua empresa e garantindo um processo legal e tranquilo. A exclus\u00e3o de s\u00f3cio \u00e9 um processo delicado, mas muitas vezes inevit\u00e1vel para garantir &#8230; <a title=\"Exclus\u00e3o de S\u00f3cio: Guia Completo para Proceder Corretamente\" class=\"read-more\" href=\"https:\/\/razaocontab.com\/?p=7493\" aria-label=\"Read more about Exclus\u00e3o de S\u00f3cio: Guia Completo para Proceder Corretamente\">Ler mais<\/a><\/p>\n","protected":false},"author":2,"featured_media":7494,"comment_status":"open","ping_status":"open","sticky":false,"template":"","format":"standard","meta":{"_joinchat":[],"footnotes":""},"categories":[3469],"tags":[3470],"class_list":["post-7493","post","type-post","status-publish","format-standard","has-post-thumbnail","hentry","category-exclusao-de-socio","tag-exclusaodesocio-sucessoempresarial-gestaoeficiente-razaocontabil-negocios-estrategia-dicasempresariais-guiadenegocios-empreendedorismo-contabilidade-crescimentoempresarial"],"jetpack_featured_media_url":"https:\/\/razaocontab.com\/wp-content\/uploads\/2025\/09\/Exclusao-de-Socio.jpg","_links":{"self":[{"href":"https:\/\/razaocontab.com\/index.php?rest_route=\/wp\/v2\/posts\/7493","targetHints":{"allow":["GET"]}}],"collection":[{"href":"https:\/\/razaocontab.com\/index.php?rest_route=\/wp\/v2\/posts"}],"about":[{"href":"https:\/\/razaocontab.com\/index.php?rest_route=\/wp\/v2\/types\/post"}],"author":[{"embeddable":true,"href":"https:\/\/razaocontab.com\/index.php?rest_route=\/wp\/v2\/users\/2"}],"replies":[{"embeddable":true,"href":"https:\/\/razaocontab.com\/index.php?rest_route=%2Fwp%2Fv2%2Fcomments&post=7493"}],"version-history":[{"count":1,"href":"https:\/\/razaocontab.com\/index.php?rest_route=\/wp\/v2\/posts\/7493\/revisions"}],"predecessor-version":[{"id":7495,"href":"https:\/\/razaocontab.com\/index.php?rest_route=\/wp\/v2\/posts\/7493\/revisions\/7495"}],"wp:featuredmedia":[{"embeddable":true,"href":"https:\/\/razaocontab.com\/index.php?rest_route=\/wp\/v2\/media\/7494"}],"wp:attachment":[{"href":"https:\/\/razaocontab.com\/index.php?rest_route=%2Fwp%2Fv2%2Fmedia&parent=7493"}],"wp:term":[{"taxonomy":"category","embeddable":true,"href":"https:\/\/razaocontab.com\/index.php?rest_route=%2Fwp%2Fv2%2Fcategories&post=7493"},{"taxonomy":"post_tag","embeddable":true,"href":"https:\/\/razaocontab.com\/index.php?rest_route=%2Fwp%2Fv2%2Ftags&post=7493"}],"curies":[{"name":"wp","href":"https:\/\/api.w.org\/{rel}","templated":true}]}}