{"id":6772,"date":"2022-11-02T08:00:04","date_gmt":"2022-11-02T11:00:04","guid":{"rendered":"http:\/\/razaocontab-com.umbler.net\/?p=6772"},"modified":"2022-11-17T12:29:13","modified_gmt":"2022-11-17T15:29:13","slug":"black-friday-5-dicas-para-se-planejar-e-vender-mais","status":"publish","type":"post","link":"https:\/\/razaocontab.com\/?p=6772","title":{"rendered":"Black Friday: 5 dicas para se planejar e vender mais!"},"content":{"rendered":"<h2><span style=\"font-weight: 400;\">Como vender mais e aumentar os lucros com a Black Friday<\/span><\/h2>\n<h3><span style=\"font-weight: 400;\">Aumente seus lucros! Confira as nossas superdicas de como se planejar e vender mais na Black Friday<\/span><\/h3>\n<p><span style=\"font-weight: 400;\">A Black Friday de 2022 est\u00e1 prevista para ocorrer no dia 25 de novembro e voc\u00ea n\u00e3o pode perder essa oportunidade.<\/span><\/p>\n<p><span style=\"font-weight: 400;\">Afinal, a Black Friday \u00e9 uma \u00f3tima chance para aumentar suas vendas e os seus lucros. Mas para isso \u00e9 preciso planejamento!<\/span><\/p>\n<p><span style=\"font-weight: 400;\">Por isso, continue conosco e veja as nossas superdicas de como se planejar e aproveitar a Black Friday para aumentar suas vendas e seus lucros.\u00a0<\/span><\/p>\n<p><span style=\"font-weight: 400;\">Vamos l\u00e1?<\/span><\/p>\n<h3><b>1. Saiba quem \u00e9 o seu cliente e o que ele deseja<\/b><\/h3>\n<p><span style=\"font-weight: 400;\">Para criar uma promo\u00e7\u00e3o atrativa e assertiva na Black Friday e conseguir um maior n\u00famero de clientes e de vendas, \u00e9 necess\u00e1rio entender o perfil dos seus clientes, bem como o que eles esperam dessa data.<\/span><\/p>\n<p><span style=\"font-weight: 400;\">Portanto, analise o hist\u00f3rico de compras dos seus clientes a fim de criar ofertas personalizadas, analise quais produtos e servi\u00e7os despertam mais interesse no seu p\u00fablico, e como eles preferem comprar, se em loja f\u00edsica, pelo site, etc.<\/span><\/p>\n<h3><b>2. Planeje suas ofertas<\/b><\/h3>\n<p><span style=\"font-weight: 400;\">Com as informa\u00e7\u00f5es obtidas na etapa anterior, ser\u00e1 poss\u00edvel planejar ofertas reais, atrativas e competitivas.<\/span><\/p>\n<p><span style=\"font-weight: 400;\">Nesse planejamento, busque responder perguntas, como:<\/span><\/p>\n<ul>\n<li style=\"font-weight: 400;\" aria-level=\"1\"><span style=\"font-weight: 400;\">Quais itens participar\u00e3o das ofertas? Ser\u00e1 os que j\u00e1 se apresentam como os mais vendidos, os que est\u00e3o sem giro de estoque ou os dois?<\/span><\/li>\n<li style=\"font-weight: 400;\" aria-level=\"1\"><span style=\"font-weight: 400;\">Quais s\u00e3o os produtos com maior procura nesta \u00e9poca?<\/span><\/li>\n<li style=\"font-weight: 400;\" aria-level=\"1\"><span style=\"font-weight: 400;\">Quais ser\u00e3o os descontos oferecidos aos consumidores?<\/span><\/li>\n<\/ul>\n<p><span style=\"font-weight: 400;\">Uma dica importante \u00e9 considerar os produtos com maior procura e criar ofertas espec\u00edficas.\u00a0<\/span><\/p>\n<p><span style=\"font-weight: 400;\">Voc\u00ea tamb\u00e9m precisa verificar se os produtos que est\u00e3o parados no estoque podem ser ofertados com descontos ou ser vendidos em conjunto com outros produtos atrav\u00e9s de kits promocionais.<\/span><\/p>\n<p><span style=\"font-weight: 400;\">Mas aten\u00e7\u00e3o! N\u00e3o esque\u00e7a de calcular a sua <\/span><a href=\"https:\/\/www.contabeis.com.br\/artigos\/6370\/o-que-e-margem-de-lucro-e-como-calcular\/\" target=\"_blank\" rel=\"noopener noreferrer\"><span style=\"font-weight: 400;\">margem de lucro<\/span><\/a><span style=\"font-weight: 400;\"> para poder estabelecer um valor competitivo e atrativo, mas que n\u00e3o prejudique o seu resultado final.<\/span><\/p>\n<p><span style=\"font-weight: 400;\">Por fim, n\u00e3o se esque\u00e7a de ser <\/span><b>transparente<\/b><span style=\"font-weight: 400;\"> em suas ofertas e oferecer <\/span><b>descontos reais. <\/b><span style=\"font-weight: 400;\">Caso contr\u00e1rio, poder\u00e1 perder a credibilidade junto aos clientes e ainda sofrer puni\u00e7\u00f5es.<\/span><\/p>\n<h3><b>3. Mantenha o controle de estoque<\/b><\/h3>\n<p><span style=\"font-weight: 400;\">Muita aten\u00e7\u00e3o ao seu estoque! Voc\u00ea precisa ter a garantia de que ter\u00e1 produtos suficientes para vender, bem como aproveitar essa oportunidade para vender os produtos que est\u00e3o parados ou com pouco giro de estoque.<\/span><\/p>\n<p><span style=\"font-weight: 400;\">Portanto, analise bem o seu estoque antes de planejar as ofertas. Assim, voc\u00ea poder\u00e1 realizar as reposi\u00e7\u00f5es necess\u00e1rias e garantir que tem produtos o suficiente em loja.<\/span><\/p>\n<h3><b>4. Seja criativo<\/b><\/h3>\n<p><span style=\"font-weight: 400;\">N\u00e3o \u00e9 s\u00f3 a sua loja que estar\u00e1 realizando promo\u00e7\u00f5es nessa \u00e9poca. Por isso, \u00e9 fundamental ser criativo para poder conseguir se destacar entre a concorr\u00eancia.<\/span><\/p>\n<p><span style=\"font-weight: 400;\">Planeje estrat\u00e9gias de campanha de vendas atrav\u00e9s de pesquisas de mercado e da pr\u00f3pria concorr\u00eancia. Quais estrat\u00e9gias foram utilizadas em outras datas comemorativas e que deram certo? Como voc\u00ea pode se destacar da concorr\u00eancia?<\/span><\/p>\n<ul>\n<li style=\"font-weight: 400;\" aria-level=\"1\"><span style=\"font-weight: 400;\">Decore sua loja para a data, personalize o seu site e suas redes sociais;<\/span><\/li>\n<li style=\"font-weight: 400;\" aria-level=\"1\"><span style=\"font-weight: 400;\">Invista em kits promocionais e em sorteios;<\/span><\/li>\n<li style=\"font-weight: 400;\" aria-level=\"1\"><span style=\"font-weight: 400;\">Ofere\u00e7a amostra gr\u00e1tis;<\/span><\/li>\n<li style=\"font-weight: 400;\" aria-level=\"1\"><span style=\"font-weight: 400;\">Analise a possibilidade de oferecer frete gr\u00e1tis;<\/span><\/li>\n<li style=\"font-weight: 400;\" aria-level=\"1\"><span style=\"font-weight: 400;\">Ofere\u00e7a brindes e cupons de desconto\u2026<\/span><\/li>\n<\/ul>\n<p><span style=\"font-weight: 400;\">S\u00e3o in\u00fameras as possibilidades. Seja criativo!<\/span><\/p>\n<h3><b>5. Invista nas redes sociais<\/b><\/h3>\n<p><span style=\"font-weight: 400;\">Al\u00e9m de ser criativo, voc\u00ea precisa que as suas ofertas cheguem ao seu p\u00fablico-alvo. Para isso, n\u00e3o deixe de utilizar as redes sociais como importantes aliadas.<\/span><\/p>\n<p><span style=\"font-weight: 400;\">Portanto, invista em publica\u00e7\u00f5es sobre a Black Friday, apresente descontos exclusivos no site, fa\u00e7a sorteios, ofere\u00e7a brindes, etc.<\/span><\/p>\n<h3><b>Conte com o aux\u00edlio de uma contabilidade especializada<\/b><\/h3>\n<p><span style=\"font-weight: 400;\">Voc\u00ea tamb\u00e9m ir\u00e1 precisar realizar a correta precifica\u00e7\u00e3o dos seus produtos, bem como realizar o c\u00e1lculo correto de sua margem de lucro para poder oferecer descontos atrativos e competitivos, mas que gerem lucro para a sua empresa.<\/span><\/p>\n<p><span style=\"font-weight: 400;\">Por isso, \u00e9 fundamental contar com uma contabilidade especializada para garantir que a sua empresa poder\u00e1 aproveitar o aumento nas vendas para, de fato, aumentar sua lucratividade.<\/span><\/p>\n<p><span style=\"font-weight: 400;\">Portanto, entre em contato conosco e vamos juntos aproveitar ao m\u00e1ximo as suas vendas na Black Friday.<\/span><\/p>\n<p>Fonte: <a href=\"https:\/\/abrirempresasimples.com.br\/black-friday-5-dicas-para-se-planejar-e-vender-mais\/\" target=\"_blank\" rel=\"noopener noreferrer\">Abrir empresa simples<\/a><\/p>\n<p><a class=\"bt-post\" href=\"\/contato\" target=\"_blank\" rel=\"noopener noreferrer\">CLIQUE AQUI PARA CONTAR COM OS NOSSOS SERVI\u00c7OS ESPECIALIZADOS!<\/a><\/p>\n","protected":false},"excerpt":{"rendered":"<p>Como vender mais e aumentar os lucros com a Black Friday Aumente seus lucros! Confira as nossas superdicas de como se planejar e vender mais na Black Friday A Black Friday de 2022 est\u00e1 prevista para ocorrer no dia 25 de novembro e voc\u00ea n\u00e3o pode perder essa oportunidade. Afinal, a Black Friday \u00e9 uma &#8230; <a title=\"Black Friday: 5 dicas para se planejar e vender mais!\" class=\"read-more\" href=\"https:\/\/razaocontab.com\/?p=6772\" aria-label=\"Read more about Black Friday: 5 dicas para se planejar e vender mais!\">Ler mais<\/a><\/p>\n","protected":false},"author":2,"featured_media":6780,"comment_status":"open","ping_status":"closed","sticky":false,"template":"","format":"standard","meta":{"_joinchat":[],"footnotes":""},"categories":[3362],"tags":[3208,776,3361,3090],"class_list":["post-6772","post","type-post","status-publish","format-standard","has-post-thumbnail","hentry","category-vendas","tag-black-friday","tag-controle-de-estoque","tag-venda-sazonal","tag-vender-mais"],"jetpack_featured_media_url":"https:\/\/razaocontab.com\/wp-content\/uploads\/2022\/11\/BLACK-FRIDAY-COMO-SE-PLANEJAR-E-VENDER-MAIS-BLOG.jpg","_links":{"self":[{"href":"https:\/\/razaocontab.com\/index.php?rest_route=\/wp\/v2\/posts\/6772","targetHints":{"allow":["GET"]}}],"collection":[{"href":"https:\/\/razaocontab.com\/index.php?rest_route=\/wp\/v2\/posts"}],"about":[{"href":"https:\/\/razaocontab.com\/index.php?rest_route=\/wp\/v2\/types\/post"}],"author":[{"embeddable":true,"href":"https:\/\/razaocontab.com\/index.php?rest_route=\/wp\/v2\/users\/2"}],"replies":[{"embeddable":true,"href":"https:\/\/razaocontab.com\/index.php?rest_route=%2Fwp%2Fv2%2Fcomments&post=6772"}],"version-history":[{"count":1,"href":"https:\/\/razaocontab.com\/index.php?rest_route=\/wp\/v2\/posts\/6772\/revisions"}],"predecessor-version":[{"id":6773,"href":"https:\/\/razaocontab.com\/index.php?rest_route=\/wp\/v2\/posts\/6772\/revisions\/6773"}],"wp:featuredmedia":[{"embeddable":true,"href":"https:\/\/razaocontab.com\/index.php?rest_route=\/wp\/v2\/media\/6780"}],"wp:attachment":[{"href":"https:\/\/razaocontab.com\/index.php?rest_route=%2Fwp%2Fv2%2Fmedia&parent=6772"}],"wp:term":[{"taxonomy":"category","embeddable":true,"href":"https:\/\/razaocontab.com\/index.php?rest_route=%2Fwp%2Fv2%2Fcategories&post=6772"},{"taxonomy":"post_tag","embeddable":true,"href":"https:\/\/razaocontab.com\/index.php?rest_route=%2Fwp%2Fv2%2Ftags&post=6772"}],"curies":[{"name":"wp","href":"https:\/\/api.w.org\/{rel}","templated":true}]}}