{"id":6757,"date":"2022-10-05T08:00:53","date_gmt":"2022-10-05T11:00:53","guid":{"rendered":"http:\/\/razaocontab-com.umbler.net\/?p=6757"},"modified":"2022-10-05T10:50:02","modified_gmt":"2022-10-05T13:50:02","slug":"como-uma-pequena-empresa-pode-contratar-reter-e-demitir-talentos","status":"publish","type":"post","link":"https:\/\/razaocontab.com\/?p=6757","title":{"rendered":"Como uma pequena empresa pode contratar, reter e demitir talentos?"},"content":{"rendered":"<h2><span style=\"font-weight: 400;\">Descubra agora como contratar, reter e demitir talentos corretamente<\/span><\/h2>\n<h3><span style=\"font-weight: 400;\">Confira as informa\u00e7\u00f5es de que precisa para contratar, reter e demitir talentos<\/span><\/h3>\n<p><span style=\"font-weight: 400;\">Toda <\/span><b>empresa necessita de talentos<\/b><span style=\"font-weight: 400;\">! Isso \u00e9 fato.\u00a0<\/span><\/p>\n<p><span style=\"font-weight: 400;\">Afinal, s\u00e3o esses talentos que realizam as fun\u00e7\u00f5es e atendem as demandas de sua empresa com excel\u00eancia. Portanto, sem eles, o seu neg\u00f3cio pode acabar se transformando em mais um em meio a concorr\u00eancia.<\/span><\/p>\n<p><span style=\"font-weight: 400;\">Uma pesquisa realizada pela Universidade de Michigan apontou as <\/span><b>maiores preocupa\u00e7\u00f5es dos empres\u00e1rio<\/b><span style=\"font-weight: 400;\"> em rela\u00e7\u00e3o aos seus talentos, s\u00e3o elas:<\/span><\/p>\n<ol>\n<li style=\"font-weight: 400;\" aria-level=\"1\"><span style=\"font-weight: 400;\">Atrair talentos;<\/span><\/li>\n<li style=\"font-weight: 400;\" aria-level=\"1\"><span style=\"font-weight: 400;\">Desenvolver talentos; e<\/span><\/li>\n<li style=\"font-weight: 400;\" aria-level=\"1\"><span style=\"font-weight: 400;\">Reter talentos.<\/span><\/li>\n<\/ol>\n<p><span style=\"font-weight: 400;\">Continue a leitura conosco e confira as informa\u00e7\u00f5es de que precisa para lidar bem com todas essas quest\u00f5es.<\/span><\/p>\n<h3><b>Atrair e reter talentos<\/b><\/h3>\n<p><span style=\"font-weight: 400;\">Os colaboradores podem fazer um neg\u00f3cio se tornar ainda mais engajado, por isso, h\u00e1 aqueles excelentes profissionais, os medianos e aqueles com baixa performance.<\/span><\/p>\n<p><span style=\"font-weight: 400;\">Por isso, \u00e9 fundamental que voc\u00ea se mantenha atento a alguns sinais no momento da contrata\u00e7\u00e3o:<\/span><\/p>\n<ol>\n<li style=\"font-weight: 400;\" aria-level=\"1\"><span style=\"font-weight: 400;\">Analise se o candidato chegou no hor\u00e1rio correto para a entrevista;<\/span><\/li>\n<li style=\"font-weight: 400;\" aria-level=\"1\"><span style=\"font-weight: 400;\">Analise a forma como ele fala, como interpreta as perguntas feitas por voc\u00ea e como interage com voc\u00ea e com os demais;<\/span><\/li>\n<li style=\"font-weight: 400;\" aria-level=\"1\"><span style=\"font-weight: 400;\">Realize perguntas que fa\u00e7am com que ele d\u00ea respostas precisas \u2014 isso mostrar\u00e1 se ele tem criatividade ou n\u00e3o;<\/span><\/li>\n<li style=\"font-weight: 400;\" aria-level=\"1\"><span style=\"font-weight: 400;\">Nas din\u00e2micas, coloque-o para trabalhar as propostas da empresa e veja o potencial dele\/a.<\/span><\/li>\n<\/ol>\n<h3><b>Reter e desenvolver talentos<\/b><\/h3>\n<p><span style=\"font-weight: 400;\">Essa \u00e9 uma etapa muito importante e desafiadora. Agora que voc\u00ea j\u00e1 conta com os funcion\u00e1rios certos para as diferentes fun\u00e7\u00f5es, voc\u00ea deve <\/span><b>desenvolver suas habilidades<\/b><span style=\"font-weight: 400;\"> ao m\u00e1ximo.<\/span><\/p>\n<p><span style=\"font-weight: 400;\">Isso \u00e9 importante n\u00e3o apenas para aperfei\u00e7oar suas habilidades, como tamb\u00e9m para a estrat\u00e9gia de motivar e engajar seus funcion\u00e1rios.<\/span><\/p>\n<p><span style=\"font-weight: 400;\">Para isso, voc\u00ea pode investir em diferentes estrat\u00e9gias, como:<\/span><\/p>\n<ul>\n<li aria-level=\"1\">\n<h4><b>Treinamentos\u00a0<\/b><\/h4>\n<\/li>\n<\/ul>\n<p><span style=\"font-weight: 400;\">A falta de capacita\u00e7\u00e3o \u00e9 um dos principais problemas enfrentados pelas empresas. Para resolver esse d\u00e9ficit, \u00e9 fundamental que se invista no treinamento de pessoal.<\/span><\/p>\n<p><span style=\"font-weight: 400;\">Afinal, mesmo um importante talento precisa desenvolver suas habilidades, atualizar e adquirir conhecimentos.<\/span><\/p>\n<p><span style=\"font-weight: 400;\">Assim, voc\u00ea ter\u00e1 maiores chances de melhorar a produtividade de sua equipe e alcan\u00e7ar os resultados esperados.<\/span><\/p>\n<ul>\n<li aria-level=\"1\">\n<h4><b>Multiplicando compet\u00eancias<\/b><\/h4>\n<\/li>\n<\/ul>\n<p><span style=\"font-weight: 400;\">Um bom profissional n\u00e3o deve guardar seus conhecimentos apenas para si e para os companheiros de sua equipe, mas para os demais companheiros.\u00a0<\/span><\/p>\n<p><span style=\"font-weight: 400;\">Isso \u00e9 fundamental para que voc\u00ea consiga compartilhar e multiplicar habilidades e compet\u00eancias.<\/span><\/p>\n<p><span style=\"font-weight: 400;\">Desse modo, \u00e9 muito importante incentivar o trabalho em conjunto para que todos possam compartilhar seus conhecimentos em busca de melhorar habilidades, desempenho e produtividade.<\/span><\/p>\n<h3><b>Desenvolvendo talentos<\/b><\/h3>\n<p><span style=\"font-weight: 400;\">Os profissionais de alto desempenho n\u00e3o permanecem estagnados no conhecimento. Muito pelo contr\u00e1rio, eles est\u00e3o sempre em busca de desenvolver novas habilidades e melhorar seu desempenho.<\/span><\/p>\n<p><span style=\"font-weight: 400;\">Portanto, cabe ao <\/span><b>gestor<\/b><span style=\"font-weight: 400;\"> criar um ambiente que permita esse <\/span><b>aprendizado e aperfei\u00e7oamento<\/b><span style=\"font-weight: 400;\"> constantes, os <\/span><b>funcion\u00e1rios<\/b><span style=\"font-weight: 400;\"> precisam sentir-se motivados a explorar novos campos!<\/span><\/p>\n<h3><b>Reconhecimento\u00a0<\/b><\/h3>\n<p><span style=\"font-weight: 400;\">O reconhecimento tamb\u00e9m \u00e9 fundamental para reter talentos e motivar sua equipe.\u00a0<\/span><\/p>\n<p><span style=\"font-weight: 400;\">Afinal, funciona como uma importante fonte de est\u00edmulo, gera um feedback positivo, e mostra que a empresa se preocupa com os seus funcion\u00e1rios e reconhece os seus esfor\u00e7os.<\/span><\/p>\n<h3><b>Envolva a equipe em uma causa<\/b><\/h3>\n<p><span style=\"font-weight: 400;\">Todos precisam de desafios, mas estes precisam ser realistas e poss\u00edveis. Por isso, estabelecer metas e envolver a equipe em miss\u00f5es poss\u00edveis, \u00e9 fundamental para mant\u00ea-los engajados, e para demonstrar que eles s\u00e3o importantes para a empresa.<\/span><\/p>\n<p><span style=\"font-weight: 400;\">Mas aten\u00e7\u00e3o, \u00e9 importante que eles sejam recompensados pelo cumprimento dessas metas e objetivos.<\/span><\/p>\n<h3><b>Defini\u00e7\u00e3o de pap\u00e9is\u00a0<\/b><\/h3>\n<p><span style=\"font-weight: 400;\">Outro ponto muito importante que deve ser bem destacado em sua empresa \u00e9 a defini\u00e7\u00e3o das fun\u00e7\u00f5es e pap\u00e9is de cada colaborador.<\/span><\/p>\n<p><span style=\"font-weight: 400;\">O Jo\u00e3o \u00e9 bom em qu\u00ea? O que a Mariana faz de melhor? \u00c9 importante que voc\u00ea posicione cada um dos seus colaboradores nas fun\u00e7\u00f5es corretas, em que eles podem aplicar e desenvolver suas habilidades.<\/span><\/p>\n<h3><b>E quanto a demiss\u00e3o?<\/b><\/h3>\n<p><span style=\"font-weight: 400;\">Sabemos que devido a momentos de crise, de reestrutura\u00e7\u00e3o da empresa ou outros motivos, muitas empresas se veem obrigadas a demitir seus talentos.<\/span><\/p>\n<p><span style=\"font-weight: 400;\">Sobre esse assunto, fica a pergunta:<\/span><\/p>\n<ul>\n<li style=\"font-weight: 400;\" aria-level=\"1\"><span style=\"font-weight: 400;\">\u00a0\u201cQue tipo de mensagem passar para os funcion\u00e1rios\u201d?\u00a0<\/span><\/li>\n<\/ul>\n<p><span style=\"font-weight: 400;\">Tenha em mente que voc\u00ea deve manter a transpar\u00eancia em primeiro lugar. N\u00e3o h\u00e1 como deixar de ser doloroso uma <\/span><b>demiss\u00e3o<\/b><span style=\"font-weight: 400;\">, mas para <\/span><b>n\u00e3o perder muitos talentos<\/b><span style=\"font-weight: 400;\"> e deixar os demais temerosos, aproveite para estabelecer metas, mexer nas estrat\u00e9gias para que n\u00e3o seja preciso realizar novas demiss\u00f5es de talentos.<\/span><\/p>\n<h3><b>Conte com o aux\u00edlio de especialistas!<\/b><\/h3>\n<p><span style=\"font-weight: 400;\">Contar com especialistas \u00e9 outro ponto fundamental para que voc\u00ea possa fazer uma efetiva gest\u00e3o de pessoas, realizando os procedimentos corretos para conseguir motivar, engajar e desenvolver as habilidades dos seus funcion\u00e1rios para que eles possam trabalhar com um alto desempenho e melhorar os resultados de sua empresa.<\/span><\/p>\n<p><span style=\"font-weight: 400;\">Mas n\u00e3o s\u00f3 isso, um suporte correto ir\u00e1 ajud\u00e1-lo com as quest\u00f5es trabalhistas para que voc\u00ea garanta todos os direitos dos seus funcion\u00e1rios, mantenha sua empresa em conformidade legal e evite problemas com os \u00f3rg\u00e3os fiscalizadores.<\/span><\/p>\n<p><span style=\"font-weight: 400;\">Portanto, entre em contato conosco para contar com o aux\u00edlio especializado que voc\u00ea e a sua empresa precisam.<\/span><\/p>\n<p>Fonte:<a href=\"https:\/\/abrirempresasimples.com.br\/como-uma-pequena-empresa-pode-contratar-reter-e-demitir-talentos\/\" target=\"_blank\" rel=\"noopener noreferrer\"> Abrir empresa simples<\/a><\/p>\n<p><a class=\"bt-post\" href=\"\/contato\" target=\"_blank\" rel=\"noopener noreferrer\">CLIQUE AQUI PARA CONTAR COM OS NOSSOS SERVI\u00c7OS ESPECIALIZADOS!<\/a><\/p>\n","protected":false},"excerpt":{"rendered":"<p>Descubra agora como contratar, reter e demitir talentos corretamente Confira as informa\u00e7\u00f5es de que precisa para contratar, reter e demitir talentos Toda empresa necessita de talentos! Isso \u00e9 fato.\u00a0 Afinal, s\u00e3o esses talentos que realizam as fun\u00e7\u00f5es e atendem as demandas de sua empresa com excel\u00eancia. Portanto, sem eles, o seu neg\u00f3cio pode acabar se &#8230; <a title=\"Como uma pequena empresa pode contratar, reter e demitir talentos?\" class=\"read-more\" href=\"https:\/\/razaocontab.com\/?p=6757\" aria-label=\"Read more about Como uma pequena empresa pode contratar, reter e demitir talentos?\">Ler mais<\/a><\/p>\n","protected":false},"author":2,"featured_media":6760,"comment_status":"open","ping_status":"closed","sticky":false,"template":"","format":"standard","meta":{"_joinchat":[],"footnotes":""},"categories":[1891],"tags":[1692,3355,528,3356,3115],"class_list":["post-6757","post","type-post","status-publish","format-standard","has-post-thumbnail","hentry","category-recursos-humanos","tag-contratacao","tag-contratar-talentos","tag-demissao","tag-demitir-talentos","tag-reter-talentos"],"jetpack_featured_media_url":"https:\/\/razaocontab.com\/wp-content\/uploads\/2022\/10\/CONFIRA-O-GUIA-PRATICO-DE-COMO-SUA-EMPRESA-DEVE-CONTRATAR-RETER-E-DEMITIR-TALENTOS-BLOG.jpg","_links":{"self":[{"href":"https:\/\/razaocontab.com\/index.php?rest_route=\/wp\/v2\/posts\/6757","targetHints":{"allow":["GET"]}}],"collection":[{"href":"https:\/\/razaocontab.com\/index.php?rest_route=\/wp\/v2\/posts"}],"about":[{"href":"https:\/\/razaocontab.com\/index.php?rest_route=\/wp\/v2\/types\/post"}],"author":[{"embeddable":true,"href":"https:\/\/razaocontab.com\/index.php?rest_route=\/wp\/v2\/users\/2"}],"replies":[{"embeddable":true,"href":"https:\/\/razaocontab.com\/index.php?rest_route=%2Fwp%2Fv2%2Fcomments&post=6757"}],"version-history":[{"count":1,"href":"https:\/\/razaocontab.com\/index.php?rest_route=\/wp\/v2\/posts\/6757\/revisions"}],"predecessor-version":[{"id":6758,"href":"https:\/\/razaocontab.com\/index.php?rest_route=\/wp\/v2\/posts\/6757\/revisions\/6758"}],"wp:featuredmedia":[{"embeddable":true,"href":"https:\/\/razaocontab.com\/index.php?rest_route=\/wp\/v2\/media\/6760"}],"wp:attachment":[{"href":"https:\/\/razaocontab.com\/index.php?rest_route=%2Fwp%2Fv2%2Fmedia&parent=6757"}],"wp:term":[{"taxonomy":"category","embeddable":true,"href":"https:\/\/razaocontab.com\/index.php?rest_route=%2Fwp%2Fv2%2Fcategories&post=6757"},{"taxonomy":"post_tag","embeddable":true,"href":"https:\/\/razaocontab.com\/index.php?rest_route=%2Fwp%2Fv2%2Ftags&post=6757"}],"curies":[{"name":"wp","href":"https:\/\/api.w.org\/{rel}","templated":true}]}}