{"id":6736,"date":"2022-08-31T08:00:36","date_gmt":"2022-08-31T11:00:36","guid":{"rendered":"http:\/\/razaocontab-com.umbler.net\/?p=6736"},"modified":"2022-08-31T09:13:38","modified_gmt":"2022-08-31T12:13:38","slug":"por-que-voce-deve-investir-na-jornada-do-colaborador-em-sua-empresa","status":"publish","type":"post","link":"https:\/\/razaocontab.com\/?p=6736","title":{"rendered":"Por que voc\u00ea deve investir na jornada do colaborador em sua empresa?"},"content":{"rendered":"<h2><span style=\"font-weight: 400;\">Jornada do colaborador: o que \u00e9 e qual a import\u00e2ncia para a sua empresa<\/span><\/h2>\n<h3><span style=\"font-weight: 400;\">Investir na jornada do colaborador \u00e9 fundamental para melhorar o engajamento de sua equipe e reter talentos.<\/span><\/h3>\n<p><span style=\"font-weight: 400;\">Sejamos francos: os funcion\u00e1rios s\u00e3o fundamentais para manter uma empresa em pleno funcionamento e contribuir para o seu crescimento e desenvolvimento.<\/span><\/p>\n<p><span style=\"font-weight: 400;\">Por isso, \u00e9 fundamental manter os melhores e mais dedicados colaboradores em sua empresa.<\/span><\/p>\n<p><span style=\"font-weight: 400;\">Por\u00e9m, com os profissionais cada vez mais seletivos na hora de escolher o seu local de trabalho, \u00e9 fundamental que as organiza\u00e7\u00f5es invistam em pr\u00e1ticas e estrat\u00e9gias para captar e reter esses talentos.<\/span><\/p>\n<p><span style=\"font-weight: 400;\">Nesse cen\u00e1rio, a jornada do colaborador deve ser vista como uma importante aliada.<\/span><\/p>\n<p><span style=\"font-weight: 400;\">Afinal, empresas que querem otimizar a sua capta\u00e7\u00e3o e reten\u00e7\u00e3o de talentos, melhorar sua produtividade e os seus ambientes de trabalho e se tornar mais competitivas n\u00e3o podem negligenciar a jornada do colaborador.<\/span><\/p>\n<p><span style=\"font-weight: 400;\">Por isso, no artigo de hoje, n\u00f3s vamos explicar o processo da jornada do colaborador, a sua import\u00e2ncia e o que fazer para torn\u00e1-la mais eficiente.<\/span><\/p>\n<p><span style=\"font-weight: 400;\">Confira!<\/span><\/p>\n<h3><b>Afinal, o que \u00e9 a jornada do colaborador e para que ela serve?<\/b><\/h3>\n<p><span style=\"font-weight: 400;\">A jornada do colaborador pode ser entendida como um conjunto de a\u00e7\u00f5es organizacionais coordenadas cujo objetivo \u00e9 alinhar os colaboradores \u00e0s metas e objetivos da empresa, considerando as suas experi\u00eancias relacionadas \u00e0 organiza\u00e7\u00e3o.<\/span><\/p>\n<p><span style=\"font-weight: 400;\">Desse modo, essa importante jornada faz parte do employee experience (experi\u00eancia do empregado), que tem como objetivo estabelecer o desenvolvimento de pr\u00e1ticas organizacionais direcionadas para a gest\u00e3o de pessoas e valoriza\u00e7\u00e3o da marca da companhia.<\/span><\/p>\n<p><span style=\"font-weight: 400;\">Para tanto, ela trabalha com uma estrutura s\u00f3lida de an\u00e1lise da percep\u00e7\u00e3o dos colaboradores junto \u00e0 empresa. Assim, \u00e9 fundamental manter o setor de RH como aliado estrat\u00e9gico do neg\u00f3cio.<\/span><\/p>\n<h3><b>Qual a import\u00e2ncia de investir na jornada do colaborador em sua empresa?<\/b><\/h3>\n<p><span style=\"font-weight: 400;\">Melhorar a jornada dos seus colaboradores \u00e9 t\u00e3o importante quanto pensar na experi\u00eancia dos seus clientes. Afinal, eles s\u00e3o fundamentais para manter sua empresa competitiva e produtiva.<\/span><\/p>\n<p><span style=\"font-weight: 400;\">Desse modo, ao investir nesta importante jornada, voc\u00ea est\u00e1 contribuindo para manter a sua equipe satisfeita, bem treinada, motivada e comprometida com os resultados organizacionais.<\/span><\/p>\n<p><span style=\"font-weight: 400;\">Tudo isso pode contribuir para garantir melhores atendimentos, maior satisfa\u00e7\u00e3o dos clientes e maiores chances de que eles sejam fidelizados e voltem a comprar seus produtos ou consumir seus servi\u00e7os.<\/span><\/p>\n<p><span style=\"font-weight: 400;\">Al\u00e9m disso, esse investimento \u00e9 fundamental para reduzir a rotatividade e melhorar o <\/span><a href=\"https:\/\/www.sebrae.com.br\/sites\/PortalSebrae\/bis\/a-importancia-do-bom-clima-organizacional-na-empresa,73fe9bda15617410VgnVCM2000003c74010aRCRD\" target=\"_blank\" rel=\"noopener noreferrer\"><span style=\"font-weight: 400;\">clima organizacional<\/span><\/a><span style=\"font-weight: 400;\">.<\/span><\/p>\n<h3><b>Como tornar a jornada do colaborador mais eficiente?<\/b><\/h3>\n<p><span style=\"font-weight: 400;\">\u00c9 importante ressaltar que investir na jornada do colaborador vai muito al\u00e9m de realizar pesquisas de satisfa\u00e7\u00e3o e oferecer treinamentos motivacionais.<\/span><\/p>\n<p><span style=\"font-weight: 400;\">Uma jornada eficiente deve compreender diversas etapas a fim de promover uma vis\u00e3o ampla da organiza\u00e7\u00e3o. Para tanto, \u00e9 necess\u00e1rio:<\/span><\/p>\n<ul>\n<li><span style=\"font-weight: 400;\">Entender as necessidades de cada colaborador;<\/span><\/li>\n<li><span style=\"font-weight: 400;\">Alinhar as experi\u00eancias dos colaboradores \u00e0 cultura e aos valores da empresa;<\/span><\/li>\n<li><span style=\"font-weight: 400;\">Buscar manter um relacionamento mais pr\u00f3ximo e humano com o colaborador etc.<\/span><\/li>\n<\/ul>\n<p><span style=\"font-weight: 400;\">Com esse ponto esclarecido, devemos destacar 3 dicas fundamentais para promover a jornada dos seus colaboradores:<\/span><\/p>\n<ol>\n<li style=\"font-weight: 400;\" aria-level=\"1\"><span style=\"font-weight: 400;\">D\u00ea visibilidade \u00e0 sua marca;<\/span><\/li>\n<li style=\"font-weight: 400;\" aria-level=\"1\"><span style=\"font-weight: 400;\">Ofere\u00e7a um plano de carreira;<\/span><\/li>\n<li style=\"font-weight: 400;\" aria-level=\"1\"><span style=\"font-weight: 400;\">Invista na comunica\u00e7\u00e3o efetiva.<\/span><\/li>\n<\/ol>\n<h3><b>Dica b\u00f4nus: conte com uma empresa especializada!<\/b><\/h3>\n<p><span style=\"font-weight: 400;\">A fim de garantir uma jornada do colaborador mais eficiente, \u00e9 fundamental contar com o apoio de uma empresa especializada em departamento pessoal para auxiliar na elabora\u00e7\u00e3o e na aplica\u00e7\u00e3o de todas essas e outras t\u00e9cnicas e ferramentas que buscam melhorar o engajamento de sua equipe e a reten\u00e7\u00e3o de talentos.<\/span><\/p>\n<p><span style=\"font-weight: 400;\">Sendo assim, saiba que voc\u00ea pode contar com os nossos servi\u00e7os especializados.<\/span><\/p>\n<p><span style=\"font-weight: 400;\">Entre em contato conosco para conversarmos melhor sobre as suas necessidades e sobre como podemos ajudar voc\u00ea.<\/span><\/p>\n<p>Fonte: <a href=\"https:\/\/abrirempresasimples.com.br\/por-que-voce-deve-investir-na-jornada-do-colaborador-em-sua-empresa\/\" target=\"_blank\" rel=\"noopener noreferrer\">Abrir empresa simples<\/a><\/p>\n<p><a class=\"bt-post\" href=\"\/contato\" target=\"_blank\" rel=\"noopener noreferrer\">CLIQUE AQUI PARA FALAR COM OS NOSSOS ESPECIALISTAS!<\/a><\/p>\n","protected":false},"excerpt":{"rendered":"<p>Jornada do colaborador: o que \u00e9 e qual a import\u00e2ncia para a sua empresa Investir na jornada do colaborador \u00e9 fundamental para melhorar o engajamento de sua equipe e reter talentos. Sejamos francos: os funcion\u00e1rios s\u00e3o fundamentais para manter uma empresa em pleno funcionamento e contribuir para o seu crescimento e desenvolvimento. Por isso, \u00e9 &#8230; <a title=\"Por que voc\u00ea deve investir na jornada do colaborador em sua empresa?\" class=\"read-more\" href=\"https:\/\/razaocontab.com\/?p=6736\" aria-label=\"Read more about Por que voc\u00ea deve investir na jornada do colaborador em sua empresa?\">Ler mais<\/a><\/p>\n","protected":false},"author":2,"featured_media":6740,"comment_status":"open","ping_status":"closed","sticky":false,"template":"","format":"standard","meta":{"_joinchat":[],"footnotes":""},"categories":[1142,1891],"tags":[87,3344,1884,3345,3343],"class_list":["post-6736","post","type-post","status-publish","format-standard","has-post-thumbnail","hentry","category-gestao-de-equipe","category-recursos-humanos","tag-ambiente-de-trabalho","tag-clima-organizacional","tag-colaborador","tag-employee-experience","tag-jornada-do-colaborador"],"jetpack_featured_media_url":"https:\/\/razaocontab.com\/wp-content\/uploads\/2022\/08\/JORNADA-DO-COLABORADOR-CONHECA-O-CONCEITO-E-A-IMPORTANCIA-DA-APLICACAO-DENTRO-DAS-EMPRESAS-BLOG.jpg","_links":{"self":[{"href":"https:\/\/razaocontab.com\/index.php?rest_route=\/wp\/v2\/posts\/6736","targetHints":{"allow":["GET"]}}],"collection":[{"href":"https:\/\/razaocontab.com\/index.php?rest_route=\/wp\/v2\/posts"}],"about":[{"href":"https:\/\/razaocontab.com\/index.php?rest_route=\/wp\/v2\/types\/post"}],"author":[{"embeddable":true,"href":"https:\/\/razaocontab.com\/index.php?rest_route=\/wp\/v2\/users\/2"}],"replies":[{"embeddable":true,"href":"https:\/\/razaocontab.com\/index.php?rest_route=%2Fwp%2Fv2%2Fcomments&post=6736"}],"version-history":[{"count":1,"href":"https:\/\/razaocontab.com\/index.php?rest_route=\/wp\/v2\/posts\/6736\/revisions"}],"predecessor-version":[{"id":6737,"href":"https:\/\/razaocontab.com\/index.php?rest_route=\/wp\/v2\/posts\/6736\/revisions\/6737"}],"wp:featuredmedia":[{"embeddable":true,"href":"https:\/\/razaocontab.com\/index.php?rest_route=\/wp\/v2\/media\/6740"}],"wp:attachment":[{"href":"https:\/\/razaocontab.com\/index.php?rest_route=%2Fwp%2Fv2%2Fmedia&parent=6736"}],"wp:term":[{"taxonomy":"category","embeddable":true,"href":"https:\/\/razaocontab.com\/index.php?rest_route=%2Fwp%2Fv2%2Fcategories&post=6736"},{"taxonomy":"post_tag","embeddable":true,"href":"https:\/\/razaocontab.com\/index.php?rest_route=%2Fwp%2Fv2%2Ftags&post=6736"}],"curies":[{"name":"wp","href":"https:\/\/api.w.org\/{rel}","templated":true}]}}