{"id":6712,"date":"2022-07-13T08:00:16","date_gmt":"2022-07-13T11:00:16","guid":{"rendered":"http:\/\/razaocontab-com.umbler.net\/?p=6712"},"modified":"2022-07-13T09:17:59","modified_gmt":"2022-07-13T12:17:59","slug":"descubra-agora-tudo-o-que-voce-precisa-sobre-o-vinculo-empregaticio","status":"publish","type":"post","link":"https:\/\/razaocontab.com\/?p=6712","title":{"rendered":"Descubra agora tudo o que voc\u00ea precisa sobre o v\u00ednculo empregat\u00edcio"},"content":{"rendered":"<h2><span style=\"font-weight: 400;\">O que n\u00e3o lhe contaram sobre o v\u00ednculo empregat\u00edcio<\/span><\/h2>\n<h3><span style=\"font-weight: 400;\">Esclare\u00e7a suas d\u00favidas sobre o v\u00ednculo empregat\u00edcio<\/span><\/h3>\n<p><span style=\"font-weight: 400;\">Ao ser dono e\/ou gestor de uma empresa, voc\u00ea precisa lidar com a contrata\u00e7\u00e3o de funcion\u00e1rios.\u00a0<\/span><\/p>\n<p><span style=\"font-weight: 400;\">Mas voc\u00ea conhece as maneiras diferentes com as quais esta rela\u00e7\u00e3o pode ser estabelecida? Conhece os tipos de <\/span><b>v\u00ednculo empregat\u00edcio<\/b><span style=\"font-weight: 400;\"> e como eles se caracterizam?<\/span><\/p>\n<p><span style=\"font-weight: 400;\">Estas s\u00e3o considera\u00e7\u00f5es importantes, pois t\u00eam rela\u00e7\u00e3o com as obriga\u00e7\u00f5es e os direitos de todas as partes envolvidas. E sejamos honestos: lidar com tais assuntos n\u00e3o \u00e9 algo priorit\u00e1rio para muitas empresas.<\/span><\/p>\n<p><span style=\"font-weight: 400;\">Tal cuidado evita grandes preju\u00edzos, como o pagamento de multas e os processos trabalhistas, al\u00e9m de contribuir para manter funcion\u00e1rios motivados.<\/span><\/p>\n<p><span style=\"font-weight: 400;\">Por isso, no artigo de hoje, vamos explicar tudo o que voc\u00ea precisa saber sobre o v\u00ednculo empregat\u00edcio.\u00a0<\/span><\/p>\n<p><span style=\"font-weight: 400;\">Confira!<\/span><\/p>\n<h3><span style=\"font-weight: 400;\">Afinal, o que \u00e9 o v\u00ednculo empregat\u00edcio?<\/span><\/h3>\n<p><span style=\"font-weight: 400;\">Conforme a <\/span><a href=\"http:\/\/www.planalto.gov.br\/ccivil_03\/decreto-lei\/del5452.htm#:~:text=Art.%203%C2%BA%20%2D%20Considera%2Dse,trabalho%20intelectual%2C%20t%C3%A9cnico%20e%20manual.\" target=\"_blank\" rel=\"noopener noreferrer\"><span style=\"font-weight: 400;\">Consolida\u00e7\u00e3o das Leis do Trabalho (CLT)<\/span><\/a><span style=\"font-weight: 400;\">, o <\/span><b>v\u00ednculo empregat\u00edcio<\/b><span style=\"font-weight: 400;\"> ocorre quando o empregado (pessoa f\u00edsica) \u00e9 contratado por um empregador para exercer suas atividades de maneira n\u00e3o eventual, cumprindo suas obriga\u00e7\u00f5es conforme determinado na contrata\u00e7\u00e3o, recebendo por seu trabalho uma remunera\u00e7\u00e3o mensal, al\u00e9m de ter todos os seus direitos trabalhistas assegurados pela legisla\u00e7\u00e3o.<\/span><\/p>\n<p><span style=\"font-weight: 400;\">Em outras palavras, ele consiste em uma rela\u00e7\u00e3o de trabalho n\u00e3o eventual entre empregador e empregado.<\/span><\/p>\n<p><span style=\"font-weight: 400;\">Al\u00e9m disso, existem alguns requisitos que devem ser respeitados para se caracterizar o v\u00ednculo empregat\u00edcio. Veja quais s\u00e3o eles a seguir!<\/span><\/p>\n<h3><span style=\"font-weight: 400;\">Quais s\u00e3o os requisitos do v\u00ednculo empregat\u00edcio?<\/span><\/h3>\n<p><span style=\"font-weight: 400;\">Al\u00e9m da rela\u00e7\u00e3o n\u00e3o eventual entre empregador e empregado, para a rela\u00e7\u00e3o trabalhista constituir um <\/span><b>v\u00ednculo empregat\u00edcio<\/b><span style=\"font-weight: 400;\">, deve cumprir alguns outros requisitos, como:<\/span><\/p>\n<ul>\n<li aria-level=\"1\">\n<h4><b>Subordina\u00e7\u00e3o<\/b><\/h4>\n<\/li>\n<\/ul>\n<p>O empregador deve determinar as fun\u00e7\u00f5es, as responsabilidades, os hor\u00e1rios de trabalho que devem ser cumpridos pelo empregado etc.<br \/>\n<b><\/b><\/p>\n<ul>\n<li aria-level=\"1\">\n<h4><b>Onerosidade<\/b><\/h4>\n<\/li>\n<\/ul>\n<p>Da rela\u00e7\u00e3o trabalhista, deve resultar uma remunera\u00e7\u00e3o mensal para o empregado. Desse modo, o trabalho volunt\u00e1rio n\u00e3o se caracteriza como v\u00ednculo empregat\u00edcio.<br \/>\n<b><\/b><\/p>\n<ul>\n<li style=\"font-weight: 400;\" aria-level=\"1\">\n<h4><b>Pessoalidade<\/b><\/h4>\n<\/li>\n<\/ul>\n<p><span style=\"font-weight: 400;\">A rela\u00e7\u00e3o trabalhista deve ocorrer entre um empregado, sendo ele pessoa f\u00edsica ou jur\u00eddica, e o empregado (pessoa f\u00edsica). Ademais, o trabalho s\u00f3 pode ser realizado pela pessoa contratada, n\u00e3o por um terceiro.<\/span><\/p>\n<ul>\n<li style=\"font-weight: 400;\" aria-level=\"1\">\n<h4><b>Habitualidade<\/b><\/h4>\n<\/li>\n<\/ul>\n<p><span style=\"font-weight: 400;\">\u00c9 necess\u00e1rio que haja uma rela\u00e7\u00e3o cont\u00ednua de trabalho, permanente. Ou seja, n\u00e3o pode ser eventual.<\/span><\/p>\n<p><span style=\"font-weight: 400;\">Agora que voc\u00ea j\u00e1 sabe o que \u00e9 o v\u00ednculo empregat\u00edcio e como ele se caracteriza, \u00e9 hora de conhecer os seus tipos. Vamos l\u00e1?<\/span><\/p>\n<h3><span style=\"font-weight: 400;\">Quais s\u00e3o os tipos de v\u00ednculo empregat\u00edcio?<\/span><\/h3>\n<p><span style=\"font-weight: 400;\">Dentre os principais tipos de v\u00ednculo empregat\u00edcio, podemos citar:<\/span><\/p>\n<ul>\n<li style=\"font-weight: 400;\" aria-level=\"1\"><b>Empregado CLT<\/b><span style=\"font-weight: 400;\">: \u00e9 a rela\u00e7\u00e3o de trabalho tradicional que descrevemos para definir o v\u00ednculo empregat\u00edcio;<\/span><\/li>\n<li style=\"font-weight: 400;\" aria-level=\"1\"><b>Profissional aut\u00f4nomo<\/b><span style=\"font-weight: 400;\">: pode caracterizar v\u00ednculo empregat\u00edcio quando a rela\u00e7\u00e3o apresentar os crit\u00e9rios que caracterizam o v\u00ednculo;<\/span><\/li>\n<li style=\"font-weight: 400;\" aria-level=\"1\"><b>Empregado dom\u00e9stico<\/b><span style=\"font-weight: 400;\">: o v\u00ednculo ocorre quando o trabalho ocorre por mais de duas vezes na semana. Nesse caso, o contratante precisa manter um contrato de trabalho formal.<\/span><\/li>\n<\/ul>\n<p><span style=\"font-weight: 400;\">Mas e o estagi\u00e1rio? Aqui, temos algumas particularidades. Isso porque, regra geral, n\u00e3o se configura como v\u00ednculo de trabalho, porque \u00e9 considerado um ato educativo escolar supervisionado.<\/span><\/p>\n<p><span style=\"font-weight: 400;\">Entretanto, deve-se respeitar alguns crit\u00e9rios estabelecidos no artigo 3\u00ba da <\/span><a href=\"http:\/\/www.planalto.gov.br\/ccivil_03\/_ato2007-2010\/2008\/lei\/l11788.htm\" target=\"_blank\" rel=\"noopener noreferrer\"><span style=\"font-weight: 400;\">Lei N\u00ba 11.788<\/span><\/a><span style=\"font-weight: 400;\">, como a necessidade de o estagi\u00e1rio estar devidamente matriculado e com frequ\u00eancia regular em uma institui\u00e7\u00e3o de ensino, a assinatura no termo de compromisso e a compatibilidade entre as atividades realizadas no est\u00e1gio e as previstas no termo de compromisso.<\/span><\/p>\n<p><span style=\"font-weight: 400;\">Caso n\u00e3o haja o cumprimento desses crit\u00e9rios, a rela\u00e7\u00e3o caracteriza v\u00ednculo de trabalho.<\/span><\/p>\n<h3><span style=\"font-weight: 400;\">Conte com o nosso suporte especializado para manter sua empresa em conformidade com as leis trabalhistas!<\/span><\/h3>\n<p><span style=\"font-weight: 400;\">Sabemos que s\u00e3o muitas as fun\u00e7\u00f5es e as responsabilidades de um gestor. Desse modo, a fim de que voc\u00ea tenha a seguran\u00e7a de que sua empresa est\u00e1 cumprindo suas obriga\u00e7\u00f5es trabalhistas e contratando os funcion\u00e1rios de forma legal e de acordo com suas necessidades, voc\u00ea pode contar com o nosso suporte especializado.<\/span><\/p>\n<p><span style=\"font-weight: 400;\">Estamos \u00e0 sua disposi\u00e7\u00e3o para garantir a conformidade trabalhista de sua empresa e a motiva\u00e7\u00e3o dos seus colaboradores.<\/span><\/p>\n<p><span style=\"font-weight: 400;\">Ent\u00e3o, n\u00e3o perca mais tempo e nos envie uma mensagem o quanto antes!<\/span><\/p>\n<p>Fonte: <a href=\"https:\/\/abrirempresasimples.com.br\/descubra-agora-tudo-o-que-voce-precisa-sobre-o-vinculo-empregaticio\/\" target=\"_blank\" rel=\"noopener noreferrer\">Abrir empresa simples<\/a><\/p>\n<p><a class=\"bt-post\" href=\"\/contato\" target=\"_blank\" rel=\"noopener noreferrer\">CLIQUE AQUI PARA FALAR COM OS NOSSOS ESPECIALISTAS!<\/a><\/p>\n","protected":false},"excerpt":{"rendered":"<p>O que n\u00e3o lhe contaram sobre o v\u00ednculo empregat\u00edcio Esclare\u00e7a suas d\u00favidas sobre o v\u00ednculo empregat\u00edcio Ao ser dono e\/ou gestor de uma empresa, voc\u00ea precisa lidar com a contrata\u00e7\u00e3o de funcion\u00e1rios.\u00a0 Mas voc\u00ea conhece as maneiras diferentes com as quais esta rela\u00e7\u00e3o pode ser estabelecida? Conhece os tipos de v\u00ednculo empregat\u00edcio e como eles &#8230; <a title=\"Descubra agora tudo o que voc\u00ea precisa sobre o v\u00ednculo empregat\u00edcio\" class=\"read-more\" href=\"https:\/\/razaocontab.com\/?p=6712\" aria-label=\"Read more about Descubra agora tudo o que voc\u00ea precisa sobre o v\u00ednculo empregat\u00edcio\">Ler mais<\/a><\/p>\n","protected":false},"author":2,"featured_media":6714,"comment_status":"open","ping_status":"closed","sticky":false,"template":"","format":"standard","meta":{"_joinchat":[],"footnotes":""},"categories":[2169,1891],"tags":[1692,3229,1121,2063,3322,3321],"class_list":["post-6712","post","type-post","status-publish","format-standard","has-post-thumbnail","hentry","category-legislacao","category-recursos-humanos","tag-contratacao","tag-direitos-trabalhistas","tag-legislacao","tag-leis-trabalhistas","tag-relacao-trabalhista","tag-vinculo-empregaticio"],"jetpack_featured_media_url":"https:\/\/razaocontab.com\/wp-content\/uploads\/2022\/07\/VINCULO-EMPREGATICIO-O-QUE-E-QUAIS-SAO-OS-SEUS-TIPOS-E-COMO-ELS-SE-CARACTERIZAM-BLOG.jpg","_links":{"self":[{"href":"https:\/\/razaocontab.com\/index.php?rest_route=\/wp\/v2\/posts\/6712","targetHints":{"allow":["GET"]}}],"collection":[{"href":"https:\/\/razaocontab.com\/index.php?rest_route=\/wp\/v2\/posts"}],"about":[{"href":"https:\/\/razaocontab.com\/index.php?rest_route=\/wp\/v2\/types\/post"}],"author":[{"embeddable":true,"href":"https:\/\/razaocontab.com\/index.php?rest_route=\/wp\/v2\/users\/2"}],"replies":[{"embeddable":true,"href":"https:\/\/razaocontab.com\/index.php?rest_route=%2Fwp%2Fv2%2Fcomments&post=6712"}],"version-history":[{"count":1,"href":"https:\/\/razaocontab.com\/index.php?rest_route=\/wp\/v2\/posts\/6712\/revisions"}],"predecessor-version":[{"id":6713,"href":"https:\/\/razaocontab.com\/index.php?rest_route=\/wp\/v2\/posts\/6712\/revisions\/6713"}],"wp:featuredmedia":[{"embeddable":true,"href":"https:\/\/razaocontab.com\/index.php?rest_route=\/wp\/v2\/media\/6714"}],"wp:attachment":[{"href":"https:\/\/razaocontab.com\/index.php?rest_route=%2Fwp%2Fv2%2Fmedia&parent=6712"}],"wp:term":[{"taxonomy":"category","embeddable":true,"href":"https:\/\/razaocontab.com\/index.php?rest_route=%2Fwp%2Fv2%2Fcategories&post=6712"},{"taxonomy":"post_tag","embeddable":true,"href":"https:\/\/razaocontab.com\/index.php?rest_route=%2Fwp%2Fv2%2Ftags&post=6712"}],"curies":[{"name":"wp","href":"https:\/\/api.w.org\/{rel}","templated":true}]}}