{"id":6645,"date":"2022-03-16T16:10:33","date_gmt":"2022-03-16T19:10:33","guid":{"rendered":"http:\/\/razaocontab-com.umbler.net\/?p=6645"},"modified":"2022-06-30T17:00:19","modified_gmt":"2022-06-30T20:00:19","slug":"saiba-mais-sobre-a-declaracao-de-ajuste-anual-do-imposto-de-renda","status":"publish","type":"post","link":"https:\/\/razaocontab.com\/?p=6645","title":{"rendered":"Saiba mais sobre a Declara\u00e7\u00e3o de Ajuste Anual do Imposto de Renda"},"content":{"rendered":"<h2><span style=\"font-weight: 400;\">Tudo o que voc\u00ea precisa saber sobre a Declara\u00e7\u00e3o de Ajuste Anual do IR<\/span><\/h2>\n<h3><span style=\"font-weight: 400;\">Entenda como funciona a Declara\u00e7\u00e3o Anual do Imposto de Renda e evite problemas com a Receita Federal<\/span><\/h3>\n<p><span style=\"font-weight: 400;\">Voc\u00ea sabe o que \u00e9 a <\/span><b>Declara\u00e7\u00e3o de Ajuste Anual<\/b><span style=\"font-weight: 400;\"> do Imposto de Renda? Sabemos que o nome pode confundir, mas trata-se da nomenclatura oficial da conhecida declara\u00e7\u00e3o do Imposto de Renda.<\/span><\/p>\n<p><span style=\"font-weight: 400;\">E no artigo de hoje, vamos falar tudo o que voc\u00ea precisa saber sobre ela para evitar problemas com a Receita Federal.<\/span><\/p>\n<p><span style=\"font-weight: 400;\">Ent\u00e3o continue conosco e boa leitura!<\/span><\/p>\n<h3><span style=\"font-weight: 400;\">O que \u00e9 a Declara\u00e7\u00e3o de Ajuste Anual?<\/span><\/h3>\n<p><span style=\"font-weight: 400;\">A <\/span><b>Declara\u00e7\u00e3o de Ajuste Anual<\/b><span style=\"font-weight: 400;\"> do Imposto sobre a Renda \u00e9 o termo oficial do que conhecemos como declara\u00e7\u00e3o do Imposto de Renda.\u00a0<\/span><\/p>\n<p><span style=\"font-weight: 400;\">Trata-se de uma obriga\u00e7\u00e3o fiscal devida a pessoas f\u00edsicas e pessoas jur\u00eddicas que deve ser realizada todos os anos, sob pena de multas e outras san\u00e7\u00f5es por parte da Receita Federal.\u00a0<\/span><\/p>\n<h3><span style=\"font-weight: 400;\">Quem deve fazer a Declara\u00e7\u00e3o de Ajuste Anual?<\/span><\/h3>\n<p><span style=\"font-weight: 400;\">Podemos separar os contribuintes em dois grupos: pessoas f\u00edsicas e pessoas jur\u00eddicas.<\/span><\/p>\n<p><span style=\"font-weight: 400;\">Quando tratamos das pessoas jur\u00eddicas, todas elas devem realizar a declara\u00e7\u00e3o de ajuste anual.<\/span><\/p>\n<p><span style=\"font-weight: 400;\">As pessoas f\u00edsicas, por sua vez, devem observar os crit\u00e9rios divulgados pela Receita Federal, sendo os principais:<\/span><\/p>\n<ul>\n<li style=\"font-weight: 400;\" aria-level=\"1\"><span style=\"font-weight: 400;\">Ter recebido rendimentos tribut\u00e1veis cuja soma foi superior a R$ 28.559,70;<\/span><\/li>\n<li style=\"font-weight: 400;\" aria-level=\"1\"><span style=\"font-weight: 400;\">Ter recebido rendimentos isentos, n\u00e3o tribut\u00e1veis ou tributados exclusivamente na fonte acima de R$ 40.000,00;<\/span><\/li>\n<li style=\"font-weight: 400;\" aria-level=\"1\"><span style=\"font-weight: 400;\">Obteve, em qualquer m\u00eas, ganho de capital na aliena\u00e7\u00e3o de bens ou direitos sujeito \u00e0 incid\u00eancia do Imposto, ou realizou opera\u00e7\u00f5es em bolsas de valores, de mercadorias, de futuros e assemelhadas;<\/span><\/li>\n<li style=\"font-weight: 400;\" aria-level=\"1\"><span style=\"font-weight: 400;\">Teve posse ou a propriedade de bens ou de direitos, inclusive terra nua, acima de R$ 300.000,00 em 2021.<\/span><\/li>\n<\/ul>\n<p><span style=\"font-weight: 400;\">Para conferir os crit\u00e9rios na \u00edntegra, acesse o art. 2\u00ba da <\/span><a href=\"https:\/\/www.in.gov.br\/en\/web\/dou\/-\/instrucao-normativa-rfb-n-2.065-de-24-de-fevereiro-de-2022-382678020\" target=\"_blank\" rel=\"noopener noreferrer\"><span style=\"font-weight: 400;\">RFB N\u00ba 2.065<\/span><\/a><span style=\"font-weight: 400;\">.<\/span><\/p>\n<h3><span style=\"font-weight: 400;\">Quando entregar a Declara\u00e7\u00e3o de Ajuste Anual?<\/span><\/h3>\n<p><span style=\"font-weight: 400;\">O prazo para a entrega da <\/span><b>Declara\u00e7\u00e3o de Ajuste Anual<\/b><span style=\"font-weight: 400;\"> do Imposto sobre a Renda come\u00e7ou no dia 07 de mar\u00e7o e ser\u00e1 encerrado no dia 29 de abril de 2022.<\/span><\/p>\n<p><span style=\"font-weight: 400;\">Ent\u00e3o fique atento aos prazos, pois a entrega em atraso poder\u00e1 acarretar o pagamento de multa que pode variar de R$165,74 a 20% do valor do Imposto de Renda devido.<\/span><\/p>\n<h3><span style=\"font-weight: 400;\">Como enviar a Declara\u00e7\u00e3o de Ajuste Anual?<\/span><\/h3>\n<p><span style=\"font-weight: 400;\">A declara\u00e7\u00e3o deve ser realizada de forma online atrav\u00e9s dos sistemas disponibilizados no site da <\/span><a href=\"https:\/\/www.gov.br\/receitafederal\/pt-br\/assuntos\/meu-imposto-de-renda\" target=\"_blank\" rel=\"noopener noreferrer\"><span style=\"font-weight: 400;\">Receita Federal<\/span><\/a><span style=\"font-weight: 400;\">. S\u00e3o eles:<\/span><\/p>\n<ul>\n<li style=\"font-weight: 400;\" aria-level=\"1\"><span style=\"font-weight: 400;\">Programa Gerador da Declara\u00e7\u00e3o (PGD);<\/span><\/li>\n<li style=\"font-weight: 400;\" aria-level=\"1\"><span style=\"font-weight: 400;\">Servi\u00e7o &#8220;Meu Imposto de Renda (Extrato da DIRPF)&#8221;\u00a0<\/span><\/li>\n<li style=\"font-weight: 400;\" aria-level=\"1\"><span style=\"font-weight: 400;\">Aplicativo &#8220;Meu Imposto de Renda&#8221;.<\/span><\/li>\n<\/ul>\n<p><span style=\"font-weight: 400;\">Lembre-se de preencher todos os informes de rendimentos corretamente, bem como todos os dados de pagamento para as dedu\u00e7\u00f5es. Ent\u00e3o j\u00e1 comece a organizar todos os documentos necess\u00e1rios, como os holetites, os recibos e os extratos banc\u00e1rios que comprovem o seu rendimento, bem como as notas fiscais, o comprovante de compra e venda de bens etc.<\/span><\/p>\n<p><span style=\"font-weight: 400;\">Para saber mais sobre a documenta\u00e7\u00e3o necess\u00e1ria, voc\u00ea pode acessar o link abaixo:<\/span><\/p>\n<ul>\n<li><a href=\"https:\/\/blog.nubank.com.br\/documentos-imposto-de-renda\/\" target=\"_blank\" rel=\"noopener noreferrer\"><span style=\"font-weight: 400;\">Documentos Imposto de Renda: saiba quais voc\u00ea precisa para declarar<\/span><\/a><\/li>\n<\/ul>\n<h3><span style=\"font-weight: 400;\">Conte com o nosso suporte especializado para realizar a Declara\u00e7\u00e3o de Ajuste Anual do Imposto de Renda!<\/span><\/h3>\n<p><span style=\"font-weight: 400;\">Para evitar erros, dores de cabe\u00e7a e burocracia, conte com o nosso suporte especializado em Imposto de Renda.<\/span><\/p>\n<p><span style=\"font-weight: 400;\">Os nossos profissionais s\u00e3o altamente qualificados e experientes na <\/span><b>Declara\u00e7\u00e3o de Ajuste Anual <\/b><span style=\"font-weight: 400;\">do Imposto de Renda, e prestar\u00e3o um suporte completo durante todo o processo de declara\u00e7\u00e3o.<\/span><\/p>\n<p><span style=\"font-weight: 400;\">Ent\u00e3o n\u00e3o perca mais tempo e <a href=\"\/contato\" target=\"_blank\" rel=\"noopener noreferrer\">entre em contato<\/a> conosco agora mesmo!<\/span><\/p>\n<p>Fonte:<a href=\"https:\/\/abrirempresasimples.com.br\/saiba-mais-sobre-a-declaracao-de-ajuste-anual-do-imposto-de-renda\/\" target=\"_blank\" rel=\"noopener noreferrer\">Abrir Empresa Simples<\/a><\/p>\n<p><a class=\"bt-post\" href=\"\/contato\" target=\"_blank\" rel=\"noopener noreferrer\">FA\u00c7A A SUA DECLARA\u00c7\u00c3O DE AJUSTE ANUAL AGORA MESMO!<\/a><\/p>\n","protected":false},"excerpt":{"rendered":"<p>Tudo o que voc\u00ea precisa saber sobre a Declara\u00e7\u00e3o de Ajuste Anual do IR Entenda como funciona a Declara\u00e7\u00e3o Anual do Imposto de Renda e evite problemas com a Receita Federal Voc\u00ea sabe o que \u00e9 a Declara\u00e7\u00e3o de Ajuste Anual do Imposto de Renda? Sabemos que o nome pode confundir, mas trata-se da nomenclatura &#8230; <a title=\"Saiba mais sobre a Declara\u00e7\u00e3o de Ajuste Anual do Imposto de Renda\" class=\"read-more\" href=\"https:\/\/razaocontab.com\/?p=6645\" aria-label=\"Read more about Saiba mais sobre a Declara\u00e7\u00e3o de Ajuste Anual do Imposto de Renda\">Ler mais<\/a><\/p>\n","protected":false},"author":2,"featured_media":6693,"comment_status":"open","ping_status":"closed","sticky":false,"template":"","format":"standard","meta":{"_joinchat":[],"footnotes":""},"categories":[3250,315],"tags":[3274,308,314,3275,313],"class_list":["post-6645","post","type-post","status-publish","format-standard","has-post-thumbnail","hentry","category-gestao-tributaria","category-imposto-de-renda","tag-declaracao-de-ajuste-anual","tag-declaracao-de-imposto-de-renda","tag-imposto-de-renda","tag-obrigacao-tributaria","tag-receita-federal"],"jetpack_featured_media_url":"https:\/\/razaocontab.com\/wp-content\/uploads\/2022\/06\/ENTENDA-O-QUE-E-A-DECLARACAO-DE-AJUSTE-ANUAL-DO-IMPOSTO-DE-RENDA-BLOG.jpg","_links":{"self":[{"href":"https:\/\/razaocontab.com\/index.php?rest_route=\/wp\/v2\/posts\/6645","targetHints":{"allow":["GET"]}}],"collection":[{"href":"https:\/\/razaocontab.com\/index.php?rest_route=\/wp\/v2\/posts"}],"about":[{"href":"https:\/\/razaocontab.com\/index.php?rest_route=\/wp\/v2\/types\/post"}],"author":[{"embeddable":true,"href":"https:\/\/razaocontab.com\/index.php?rest_route=\/wp\/v2\/users\/2"}],"replies":[{"embeddable":true,"href":"https:\/\/razaocontab.com\/index.php?rest_route=%2Fwp%2Fv2%2Fcomments&post=6645"}],"version-history":[{"count":1,"href":"https:\/\/razaocontab.com\/index.php?rest_route=\/wp\/v2\/posts\/6645\/revisions"}],"predecessor-version":[{"id":6646,"href":"https:\/\/razaocontab.com\/index.php?rest_route=\/wp\/v2\/posts\/6645\/revisions\/6646"}],"wp:featuredmedia":[{"embeddable":true,"href":"https:\/\/razaocontab.com\/index.php?rest_route=\/wp\/v2\/media\/6693"}],"wp:attachment":[{"href":"https:\/\/razaocontab.com\/index.php?rest_route=%2Fwp%2Fv2%2Fmedia&parent=6645"}],"wp:term":[{"taxonomy":"category","embeddable":true,"href":"https:\/\/razaocontab.com\/index.php?rest_route=%2Fwp%2Fv2%2Fcategories&post=6645"},{"taxonomy":"post_tag","embeddable":true,"href":"https:\/\/razaocontab.com\/index.php?rest_route=%2Fwp%2Fv2%2Ftags&post=6645"}],"curies":[{"name":"wp","href":"https:\/\/api.w.org\/{rel}","templated":true}]}}