{"id":6629,"date":"2022-01-19T16:40:59","date_gmt":"2022-01-19T19:40:59","guid":{"rendered":"http:\/\/razaocontab-com.umbler.net\/?p=6629"},"modified":"2022-06-30T17:00:05","modified_gmt":"2022-06-30T20:00:05","slug":"saiba-se-a-sua-empresa-precisa-declarar-o-ir-2022","status":"publish","type":"post","link":"https:\/\/razaocontab.com\/?p=6629","title":{"rendered":"Saiba se a sua empresa precisa declarar o IR 2022"},"content":{"rendered":"<h2><span style=\"font-weight: 400;\">Veja agora o passo a passo da declara\u00e7\u00e3o de imposto de renda<\/span><\/h2>\n<h3><span style=\"font-weight: 400;\">\u00c9 importante estar atento \u00e0s exig\u00eancias legais no processo de declara\u00e7\u00e3o do imposto de renda para evitar complica\u00e7\u00f5es junto \u00e0 Receita Federal. Leia o artigo que preparamos para voc\u00ea e informe-se!<\/span><\/h3>\n<p><span style=\"font-weight: 400;\">Geralmente, h\u00e1 muitas d\u00favidas e confus\u00e3o a respeito da declara\u00e7\u00e3o do <\/span><b>IR 2022<\/b><span style=\"font-weight: 400;\">. Afinal, referem-se \u00e0 presta\u00e7\u00e3o de contas \u00e0 Receita Federal.<\/span><\/p>\n<p><span style=\"font-weight: 400;\">Portanto, neste artigo, vamos esclarecer quais as empresas que se encaixam para declarar o imposto de renda, suas obriga\u00e7\u00f5es e como realizar a declara\u00e7\u00e3o.<\/span><\/p>\n<p><span style=\"font-weight: 400;\">Se voc\u00ea est\u00e1 perdido em meio a tantas informa\u00e7\u00f5es e n\u00e3o sabe por onde come\u00e7ar, fique conosco para entender tudo que precisa sobre o<\/span> <span style=\"font-weight: 400;\">IR 2022.<\/span><\/p>\n<h3><b>IR 2022: quem precisa declarar?<\/b><\/h3>\n<p><span style=\"font-weight: 400;\">Veja a seguir as empresas que precisam declarar o <\/span><b>IR 2022<\/b><span style=\"font-weight: 400;\">:<\/span><\/p>\n<ul>\n<li style=\"font-weight: 400;\" aria-level=\"1\"><span style=\"font-weight: 400;\">Empresas de direito privado no Brasil;<\/span><\/li>\n<li style=\"font-weight: 400;\" aria-level=\"1\"><span style=\"font-weight: 400;\">Filiais e sucursais;<\/span><\/li>\n<li style=\"font-weight: 400;\" aria-level=\"1\"><span style=\"font-weight: 400;\">Ag\u00eancias ou as representa\u00e7\u00f5es das pessoas jur\u00eddicas com sede no exterior;<\/span><\/li>\n<li style=\"font-weight: 400;\" aria-level=\"1\"><span style=\"font-weight: 400;\">As empresas p\u00fablicas;<\/span><\/li>\n<li style=\"font-weight: 400;\" aria-level=\"1\"><span style=\"font-weight: 400;\">As sociedades de economia mista e suas subsidi\u00e1rias;<\/span><\/li>\n<li style=\"font-weight: 400;\" aria-level=\"1\"><span style=\"font-weight: 400;\"><a href=\"https:\/\/www.aurum.com.br\/blog\/sociedade-em-conta-de-participacao\/#:~:text=A%20Sociedade%20em%20Conta%20de,auferir%20resultados%20a%20serem%20compartilhados.\" target=\"_blank\" rel=\"noopener noreferrer\">SCP<\/a>;<\/span><\/li>\n<li style=\"font-weight: 400;\" aria-level=\"1\"><span style=\"font-weight: 400;\">Sociedades cooperativas, tendo por objeto a compra e fornecimento de bens;<\/span><\/li>\n<li style=\"font-weight: 400;\" aria-level=\"1\"><span style=\"font-weight: 400;\">Empresas individuais equiparadas a pessoas jur\u00eddicas:<\/span><\/li>\n<li style=\"font-weight: 400;\" aria-level=\"1\"><span style=\"font-weight: 400;\">Empres\u00e1rios constitu\u00eddos pelo C\u00f3digo Civil;<\/span><\/li>\n<li style=\"font-weight: 400;\" aria-level=\"1\"><span style=\"font-weight: 400;\">Pessoas f\u00edsicas que desenvolvam a incorpora\u00e7\u00e3o de pr\u00e9dios em condom\u00ednio ou loteamento de terrenos;<\/span><\/li>\n<\/ul>\n<h3><b>IR 2022: quais s\u00e3o as obriga\u00e7\u00f5es necess\u00e1rias para a declara\u00e7\u00e3o?<\/b><\/h3>\n<p><span style=\"font-weight: 400;\">Logo, se a sua empresa est\u00e1 entre alguma ou algumas destas condi\u00e7\u00f5es acima, voc\u00ea precisa come\u00e7ar a se organizar para n\u00e3o deixar a declara\u00e7\u00e3o para \u00faltima hora e para evitar erros e poss\u00edveis transtornos com o Fisco.<\/span><\/p>\n<p><span style=\"font-weight: 400;\">Para te ajudar, listamos abaixo as suas obriga\u00e7\u00f5es como pessoa jur\u00eddica (PJ), s\u00e3o elas:<\/span><\/p>\n<ul>\n<li style=\"font-weight: 400;\" aria-level=\"1\"><span style=\"font-weight: 400;\">Imposto sobre Circula\u00e7\u00e3o de Mercadorias e Servi\u00e7os (ICMS);<\/span><\/li>\n<li style=\"font-weight: 400;\" aria-level=\"1\"><span style=\"font-weight: 400;\">Imposto sobre Servi\u00e7os (ISS);<\/span><\/li>\n<li style=\"font-weight: 400;\" aria-level=\"1\"><span style=\"font-weight: 400;\">Contribui\u00e7\u00e3o para o Programa de Integra\u00e7\u00e3o Social (PIS);<\/span><\/li>\n<li style=\"font-weight: 400;\" aria-level=\"1\"><span style=\"font-weight: 400;\">Contribui\u00e7\u00e3o para o Financiamento da Seguridade Social (Cofins);<\/span><\/li>\n<li style=\"font-weight: 400;\" aria-level=\"1\"><span style=\"font-weight: 400;\">Imposto sobre Produtos Industrializados (IPI);<\/span><\/li>\n<li style=\"font-weight: 400;\" aria-level=\"1\"><span style=\"font-weight: 400;\">Imposto de Importa\u00e7\u00e3o (II);<\/span><\/li>\n<li style=\"font-weight: 400;\" aria-level=\"1\"><span style=\"font-weight: 400;\">Imposto de Renda da Pessoa Jur\u00eddica (IRPJ);<\/span><\/li>\n<li style=\"font-weight: 400;\" aria-level=\"1\"><span style=\"font-weight: 400;\">Contribui\u00e7\u00e3o Social sobre o Lucro L\u00edquido (<a href=\"https:\/\/www.gov.br\/receitafederal\/pt-br\/assuntos\/orientacao-tributaria\/tributos\/CSLL\" target=\"_blank\" rel=\"noopener noreferrer\">CSLL<\/a>).<\/span><\/li>\n<\/ul>\n<h3><b>IR 2022: como declarar o imposto de renda?<\/b><\/h3>\n<p><span style=\"font-weight: 400;\">Dessa forma, podemos prosseguir e verificar como declarar o <\/span><b>IR 2022. <\/b><span style=\"font-weight: 400;\">Acompanhe o passo a passo abaixo.<\/span><\/p>\n<ul>\n<li aria-level=\"1\"><b>Condi\u00e7\u00e3o de s\u00f3cio<\/b><\/li>\n<\/ul>\n<p><span style=\"font-weight: 400;\">Para os s\u00f3cios de uma empresa, clique na aba de \u201cBens e Direitos\u201d e selecione uma das op\u00e7\u00f5es.<\/span><\/p>\n<p><span style=\"font-weight: 400;\">Sendo a primeira: \u201c32 \u2014 Quotas ou quinh\u00f5es de capital\u201d para empresas de formato \u201cLtda\u201d ou \u201cEmpres\u00e1rio Individual\u201d.<\/span><\/p>\n<p><span style=\"font-weight: 400;\">J\u00e1 a segunda op\u00e7\u00e3o refere-se a \u201c31 \u2013 A\u00e7\u00f5es\u201d para declarar no formato jur\u00eddico \u201cS\/A\u201d.<\/span><\/p>\n<p><span style=\"font-weight: 400;\">Para as empresas \u201cLtda\u201d ou \u201cEmpres\u00e1rio Individual\u201d, deve-se colocar o valor que consta no contrato social atual.<\/span><\/p>\n<p><span style=\"font-weight: 400;\">Por outro lado, para \u201cS\/A\u201d, informe o custo de aquisi\u00e7\u00e3o.<\/span><\/p>\n<ul>\n<li aria-level=\"1\"><b>Declara\u00e7\u00e3o referente ao ano anterior<\/b><\/li>\n<\/ul>\n<p><span style=\"font-weight: 400;\">Para declarar os valores financeiros recebidos no ano anterior, \u00e9 preciso classificar o tipo de valor que recebeu. Sendo assim, a partir da natureza discriminada no informe de rendimentos.<\/span><\/p>\n<h3><b>Contrate uma assessoria cont\u00e1bil para te ajudar a declarar o IR 2022!<\/b><\/h3>\n<p><span style=\"font-weight: 400;\">Desse modo, n\u00e3o deixe de contratar uma assessoria cont\u00e1bil para orientar voc\u00ea no processo do<\/span><b> IR 2022<\/b><span style=\"font-weight: 400;\"> de maneira mais assertiva.<\/span><\/p>\n<p><span style=\"font-weight: 400;\">Assim, voc\u00ea n\u00e3o precisar\u00e1 se preocupar com o preenchimento, ficando livre de transtornos e garantindo que tudo ser\u00e1 realizado da forma correta.<\/span><\/p>\n<p><span style=\"font-weight: 400;\">Conte com a ajuda da nossa equipe experiente e atualizada. Proporcionamos um atendimento personalizado \u00e0s suas necessidades.<\/span><\/p>\n<p><span style=\"font-weight: 400;\"><a href=\"\/contato\" target=\"_blank\" rel=\"noopener noreferrer\">Entre em contato<\/a> conosco agora mesmo e conhe\u00e7a todos os benef\u00edcios de contar com os nossos servi\u00e7os.<\/span><\/p>\n<p><span style=\"font-weight: 400;\">Aguardamos o seu contato!<\/span><\/p>\n<p>Fonte: <a href=\"https:\/\/abrirempresasimples.com.br\/saiba-se-a-sua-empresa-precisa-declarar-o-ir-2022\/\" target=\"_blank\" rel=\"noopener noreferrer\">Abrir Empresa Simples<\/a><\/p>\n<p><a class=\"bt-post\" href=\"\/contato\">PRESSIONE AQUI AGORA MESMO E FALE J\u00c1 CONOSCO PARA MAIS INFORMA\u00c7\u00d5ES!<\/a><\/p>\n","protected":false},"excerpt":{"rendered":"<p>Veja agora o passo a passo da declara\u00e7\u00e3o de imposto de renda \u00c9 importante estar atento \u00e0s exig\u00eancias legais no processo de declara\u00e7\u00e3o do imposto de renda para evitar complica\u00e7\u00f5es junto \u00e0 Receita Federal. Leia o artigo que preparamos para voc\u00ea e informe-se! Geralmente, h\u00e1 muitas d\u00favidas e confus\u00e3o a respeito da declara\u00e7\u00e3o do IR &#8230; <a title=\"Saiba se a sua empresa precisa declarar o IR 2022\" class=\"read-more\" href=\"https:\/\/razaocontab.com\/?p=6629\" aria-label=\"Read more about Saiba se a sua empresa precisa declarar o IR 2022\">Ler mais<\/a><\/p>\n","protected":false},"author":2,"featured_media":6685,"comment_status":"open","ping_status":"closed","sticky":false,"template":"","format":"standard","meta":{"_joinchat":[],"footnotes":""},"categories":[315,396,3255],"tags":[3254,3251,314,3252,3196,3253],"class_list":["post-6629","post","type-post","status-publish","format-standard","has-post-thumbnail","hentry","category-imposto-de-renda","category-ir","category-ir-2022","tag-como-realizar","tag-declaracao-do-imposto-de-renda","tag-imposto-de-renda","tag-ir-2022","tag-obrigacoes","tag-prestacao-de-contas"],"jetpack_featured_media_url":"https:\/\/razaocontab.com\/wp-content\/uploads\/2022\/06\/ENTENDA-COMO-FUNCIONA-O-IR-2022-PARA-EMPRESAS-BLOG.jpg","_links":{"self":[{"href":"https:\/\/razaocontab.com\/index.php?rest_route=\/wp\/v2\/posts\/6629","targetHints":{"allow":["GET"]}}],"collection":[{"href":"https:\/\/razaocontab.com\/index.php?rest_route=\/wp\/v2\/posts"}],"about":[{"href":"https:\/\/razaocontab.com\/index.php?rest_route=\/wp\/v2\/types\/post"}],"author":[{"embeddable":true,"href":"https:\/\/razaocontab.com\/index.php?rest_route=\/wp\/v2\/users\/2"}],"replies":[{"embeddable":true,"href":"https:\/\/razaocontab.com\/index.php?rest_route=%2Fwp%2Fv2%2Fcomments&post=6629"}],"version-history":[{"count":1,"href":"https:\/\/razaocontab.com\/index.php?rest_route=\/wp\/v2\/posts\/6629\/revisions"}],"predecessor-version":[{"id":6630,"href":"https:\/\/razaocontab.com\/index.php?rest_route=\/wp\/v2\/posts\/6629\/revisions\/6630"}],"wp:featuredmedia":[{"embeddable":true,"href":"https:\/\/razaocontab.com\/index.php?rest_route=\/wp\/v2\/media\/6685"}],"wp:attachment":[{"href":"https:\/\/razaocontab.com\/index.php?rest_route=%2Fwp%2Fv2%2Fmedia&parent=6629"}],"wp:term":[{"taxonomy":"category","embeddable":true,"href":"https:\/\/razaocontab.com\/index.php?rest_route=%2Fwp%2Fv2%2Fcategories&post=6629"},{"taxonomy":"post_tag","embeddable":true,"href":"https:\/\/razaocontab.com\/index.php?rest_route=%2Fwp%2Fv2%2Ftags&post=6629"}],"curies":[{"name":"wp","href":"https:\/\/api.w.org\/{rel}","templated":true}]}}