{"id":646,"date":"2014-09-22T15:11:35","date_gmt":"2014-09-22T18:11:35","guid":{"rendered":"http:\/\/blog.razaocontab.com\/?p=646"},"modified":"2014-09-22T15:11:35","modified_gmt":"2014-09-22T18:11:35","slug":"irrf-pj-exemplo-importancias-pagas","status":"publish","type":"post","link":"https:\/\/razaocontab.com\/?p=646","title":{"rendered":"IRRF PJ Exemplo Import\u00e2ncias Pagas"},"content":{"rendered":"<p style=\"text-align: center;\">Exemplo da orienta\u00e7\u00e3o\u00a0<a title=\"IRRF Pessoa Jur\u00eddica - Presta\u00e7\u00e3o de Servi\u00e7os - EXEMPLOS\" href=\"irrf-pessoa-juridica-prestacao-servicos\" target=\"_blank\">IRRF Pessoa Jur\u00eddica &#8211; Presta\u00e7\u00e3o de Servi\u00e7os &#8211; EXEMPLOS<\/a>.<\/p>\n<p>Para o IRRF PJ exemplo import\u00e2ncias pagas (\u00e0 vista) ou creditadas (a prazo), <span style=\"color: #99cc00;\">desconsideramos outros tributos incidentes na fonte<\/span>\u00a0sobre a presta\u00e7\u00e3o de servi\u00e7os.<\/p>\n<p><em>[Reten\u00e7\u00e3o na fonte de Contribui\u00e7\u00f5es (CSRF)]<\/em><\/p>\n<ul>\n<li>A empresa <span style=\"color: #99cc00;\">Construtora Ltda &#8211; ME<\/span> emitiu a Nota Fiscal Eletr\u00f4nica de Servi\u00e7o n\u00ba 268, conforme a imagem abaixo.<\/li>\n<li>O servi\u00e7o prestado encontra-se relacionado na <a title=\"IRRF Pessoa Jur\u00eddica\" href=\"http:\/\/blog.razaocontab.com\/irrf-pessoa-juridica-prestacao-servicos\" target=\"_blank\">nossa tabela<\/a>\u00a0com <span style=\"color: #99cc00;\">al\u00edquota de 1,5%<\/span>.<\/li>\n<li>O pagamento foi feito na data da emiss\u00e3o da NFS &#8211; <span style=\"color: #99cc00;\">14\/08\/2014<\/span>, ou seja, <span style=\"color: #99cc00;\">foi \u00e0 vista<\/span>.\n<ul>\n<li>No caso de opera\u00e7\u00e3o a prazo, independentemente da data do pagamento, a data a ser considerada \u00e9 a <span style=\"color: #99cc00;\">data da emiss\u00e3o<\/span> &#8211; 14\/08\/2014.<\/li>\n<\/ul>\n<\/li>\n<li>O valor total do servi\u00e7os totalizou <span style=\"color: #99cc00;\">R$ 148.236,52<\/span>.<\/li>\n<\/ul>\n<p>Assim temos:<\/p>\n<p>&nbsp;<\/p>\n<h2>\u00a0IRRF PJ Exemplo Import\u00e2ncias Pagas &#8211; DARF<\/h2>\n<p>A gera\u00e7\u00e3o do DARF pela empresa <span style=\"color: #99cc00;\">tomadora (contratante) dos servi\u00e7os<\/span>\u00a0ficar\u00e1 assim:<\/p>\n<p>&nbsp;<\/p>\n<p>O prazo para recolhimento vai at\u00e9 o <span style=\"color: #99cc00;\">\u00faltimo dia \u00fatil do segundo dec\u00eandio do m\u00eas subsequente<\/span> ao m\u00eas de ocorr\u00eancia dos fatos geradores. Considerando a data de pagamento \u00e0 vista ou a data de emiss\u00e3o, <span style=\"color: #99cc00;\">se fosse a prazo<\/span>, como sendo <span style=\"color: #99cc00;\">14\/08\/2014<\/span>, o vencimento ser\u00e1 19\/09\/2014 (sexta-feira).<\/p>\n<p>&nbsp;<\/p>\n","protected":false},"excerpt":{"rendered":"<p>Exemplo da orienta\u00e7\u00e3o IRRF Pessoa Jur\u00eddica &#8211; Presta\u00e7\u00e3o de Servi\u00e7os &#8211; EXEMPLOS.<\/p>\n","protected":false},"author":9,"featured_media":0,"comment_status":"open","ping_status":"open","sticky":false,"template":"","format":"standard","meta":{"_joinchat":[],"footnotes":""},"categories":[55,66,57],"tags":[],"class_list":["post-646","post","type-post","status-publish","format-standard","hentry","category-fiscal","category-irrf-pj","category-tabelas"],"jetpack_featured_media_url":"","_links":{"self":[{"href":"https:\/\/razaocontab.com\/index.php?rest_route=\/wp\/v2\/posts\/646","targetHints":{"allow":["GET"]}}],"collection":[{"href":"https:\/\/razaocontab.com\/index.php?rest_route=\/wp\/v2\/posts"}],"about":[{"href":"https:\/\/razaocontab.com\/index.php?rest_route=\/wp\/v2\/types\/post"}],"author":[{"embeddable":true,"href":"https:\/\/razaocontab.com\/index.php?rest_route=\/wp\/v2\/users\/9"}],"replies":[{"embeddable":true,"href":"https:\/\/razaocontab.com\/index.php?rest_route=%2Fwp%2Fv2%2Fcomments&post=646"}],"version-history":[{"count":0,"href":"https:\/\/razaocontab.com\/index.php?rest_route=\/wp\/v2\/posts\/646\/revisions"}],"wp:attachment":[{"href":"https:\/\/razaocontab.com\/index.php?rest_route=%2Fwp%2Fv2%2Fmedia&parent=646"}],"wp:term":[{"taxonomy":"category","embeddable":true,"href":"https:\/\/razaocontab.com\/index.php?rest_route=%2Fwp%2Fv2%2Fcategories&post=646"},{"taxonomy":"post_tag","embeddable":true,"href":"https:\/\/razaocontab.com\/index.php?rest_route=%2Fwp%2Fv2%2Ftags&post=646"}],"curies":[{"name":"wp","href":"https:\/\/api.w.org\/{rel}","templated":true}]}}