{"id":6336,"date":"2021-07-14T07:00:14","date_gmt":"2021-07-14T10:00:14","guid":{"rendered":"http:\/\/razaocontab-com.umbler.net\/?p=6336"},"modified":"2021-07-13T18:32:35","modified_gmt":"2021-07-13T21:32:35","slug":"empreendedor-optante-pelo-simples-nacional-voce-tem-ate-dia-20-para-pagar-a-primeira-cota-do-das","status":"publish","type":"post","link":"https:\/\/razaocontab.com\/?p=6336","title":{"rendered":"Empreendedor optante pelo Simples Nacional, voc\u00ea tem at\u00e9 dia 20 para pagar a primeira cota do DAS!"},"content":{"rendered":"<h2 class=\"entry-title\" style=\"text-align: center;\">Simples Nacional: primeira cota deve ser paga at\u00e9 o dia 20<\/h2>\n<p>Os contribuintes que aderiram \u00e0 prorroga\u00e7\u00e3o do pagamento dos impostos do Simples Nacional, dever\u00e3o pagar a primeira cota at\u00e9 a pr\u00f3xima ter\u00e7a-feira, dia 20.<\/p>\n<p>O mesmo vale para os microempreendedores individuais (MEI).<\/p>\n<p>A cobran\u00e7a que ser\u00e1 retomada \u00e9 referente ao m\u00eas de mar\u00e7o de 2021, cujo vencimento original seria no m\u00eas de abril. A segunda cota, por sua vez, ser\u00e1 paga apenas em agosto.<\/p>\n<p>Diante disso, os contribuintes j\u00e1 podem emitir o DAS (Documento de Arrecada\u00e7\u00e3o do Simples Nacional) atrav\u00e9s dos aplicativos PGDAS-D, PGMEI e APP MEI, que foram ajustados com as novas datas.<\/p>\n<p>Para aqueles que preferem pagar em conta \u00fanica, tamb\u00e9m \u00e9 poss\u00edvel emitir o documento, basta escolher essa op\u00e7\u00e3o no sistema.<\/p>\n<p>Vale ressaltar que essa op\u00e7\u00e3o somente ser\u00e1 aceita at\u00e9 a data de vencimento da primeira quota.<\/p>\n<h2 id=\"h-quais-impostos-foram-prorrogados\">Quais impostos foram prorrogados?<\/h2>\n<p data-fetch=\"true\">Com a prorroga\u00e7\u00e3o do pagamento dos per\u00edodos de apura\u00e7\u00e3o (PA) 03 a 05\/2021, autorizada pela Resolu\u00e7\u00e3o CGSN 158\/2021, foi postergado o recolhimento de R$ 27,8 bilh\u00f5es em impostos do Simples Nacional, assim como do MEI (microempreendedor individual).<\/p>\n<div class=\"pp-box-adunit pp-ad-loading pp-type-intext\">\n<div class=\"pp-adunit\">\n<div class=\"pp-ad\">\n<div id=\"P_JORNAL_CONTABIL_INTEXT_01_0\" data-premium=\"\" data-adunit=\"JORNAL_CONTABIL_INTEXT_01\" data-sizes-mobile=\"[[336,280],[300,250]]\" data-sizes-desktop=\"[[336,280],[300,250]]\" data-type=\"intext\" data-fetch=\"true\" data-google-query-id=\"CMf13pn64PECFYsEuQYdvzgPlg\">\n<p>Dentre esses impostos, est\u00e3o os seguintes:<\/p>\n<div id=\"_ppads_video\">\n<div class=\"teads-inread sm-screen\">\n<div>\n<ul>\n<li>\u00a0IRPJ (Imposto de Renda Pessoa Jur\u00eddica);<\/li>\n<li>CPP (Contribui\u00e7\u00e3o Previdenci\u00e1ria Patronal).;<\/li>\n<li>IPI (Imposto sobre Produtos Industrializados);<\/li>\n<li>Pis\/Pasep (Programa de Integra\u00e7\u00e3o Social e o Programa de Forma\u00e7\u00e3o do Patrim\u00f4nio do Servidor P\u00fablico);<\/li>\n<li>\u00a0CSLL (Contribui\u00e7\u00e3o Social sobre Lucro L\u00edquido);<\/li>\n<li>Cofins (Contribui\u00e7\u00e3o para o Financiamento da Seguridade Social);<\/li>\n<\/ul>\n<h2 id=\"h-ser-cobrado-juros-e-multas\">Ser\u00e1 cobrado juros e multas?<\/h2>\n<p>Segundo o Comit\u00ea Gestor do Simples Nacional, se o contribuinte optar pelo pagamento em quota \u00fanica e realizar o pagamento at\u00e9 o dia 20, n\u00e3o h\u00e1 incid\u00eancia de juros.<\/p>\n<p>Para aqueles que ir\u00e3o fazer o pagamento em duas quotas, ficar\u00e1 da seguinte forma:<\/p>\n<ul>\n<li>na primeira quota n\u00e3o h\u00e1 incid\u00eancia de juros;<\/li>\n<li>na segunda quota incidem juros de 1%;<\/li>\n<\/ul>\n<\/div>\n<\/div>\n<\/div>\n<\/div>\n<\/div>\n<\/div>\n<\/div>\n<div class=\"td-module-meta-info\">\n<p data-fetch=\"true\">\u00c9 importante destacar que, se o pagamento for feito em atraso, os juros e multas tamb\u00e9m podem ser inclu\u00eddos no DAS da primeira quota.<\/p>\n<div class=\"pp-box-adunit pp-ad-loading pp-type-intext\">\n<div class=\"pp-adunit\">\n<div class=\"pp-ad\">\n<div id=\"P_JORNAL_CONTABIL_INTEXT_02_0\" data-premium=\"\" data-adunit=\"JORNAL_CONTABIL_INTEXT_02\" data-sizes-mobile=\"[[336,280],[300,250]]\" data-sizes-desktop=\"[[336,280],[300,250]]\" data-type=\"intext\" data-fetch=\"true\" data-google-query-id=\"CNWPuKv64PECFVoFuQYdzyMLKQ\">\n<h2 id=\"h-como-emitir-o-das\">Como emitir o DAS?<\/h2>\n<p>Para o pagamento da primeira quota ou cota \u00fanica, o contribuinte deve acessar o PGDAS-D e o PGMEI, e fazer a emiss\u00e3o do DAS como de costume.<\/p>\n<p>Basta selecionar os meses dos boletos a imprimir, depois, clique em \u201cContinuar\u201d para acessar o documento que pode ser pago online ou impresso.<\/p>\n<p>Caso o contribuinte j\u00e1 tenha recolhido seus impostos atrav\u00e9s do DAS com a data original, n\u00e3o h\u00e1 necessidade de qualquer provid\u00eancia.<\/p>\n<p>Para o MEI que recolhe os tributos apurados no PGMEI por meio de d\u00e9bito autom\u00e1tico, o valor integral relativo a cada per\u00edodo de apura\u00e7\u00e3o prorrogado ser\u00e1 debitado de sua conta corrente na data do vencimento da primeira quota.<\/p>\n<h2 id=\"h-pr-ximas-datas\">Pr\u00f3ximas datas<\/h2>\n<p>Para voc\u00ea se organizar para os pr\u00f3ximos pagamentos, confira a seguir como ficou o calend\u00e1rio de pagamento dos tributos apurados no\u00a0Simples Nacional\u00a0e o MEI, conforme os vencimentos de cada uma das cotas:<\/p>\n<figure class=\"wp-block-table\">\n<table>\n<tbody>\n<tr>\n<td><strong>Per\u00edodo de Apura\u00e7\u00e3o (PA)<\/strong><\/td>\n<td><strong>Vencimento Original<\/strong><\/td>\n<td><strong>Vencimento Prorrogado<\/strong>\u00a0\u00a0\u00a0\u00a0\u00a0\u00a0\u00a0\u00a0\u00a0\u00a0<strong>Quota 1<\/strong><\/td>\n<td><strong>Pagamento da<\/strong>\u00a0\u00a0\u00a0\u00a0\u00a0\u00a0\u00a0\u00a0\u00a0<strong>Quota 2\u00a0<\/strong><\/td>\n<\/tr>\n<tr>\n<td>03\/2021<\/td>\n<td>20\/04\/2021<\/td>\n<td>20\/07\/2021<\/td>\n<td>20\/08\/2021<\/td>\n<\/tr>\n<tr>\n<td>04\/2021<\/td>\n<td>20\/05\/2021<\/td>\n<td>20\/09\/2021<\/td>\n<td>20\/10\/2021<\/td>\n<\/tr>\n<tr>\n<td>05\/2021<\/td>\n<td>21\/06\/2021<\/td>\n<td>22\/11\/2021<\/td>\n<td>20\/12\/2021<\/td>\n<\/tr>\n<\/tbody>\n<\/table>\n<\/figure>\n<p>Fonte: <a href=\"https:\/\/www.jornalcontabil.com.br\/simples-nacional-primeira-cota-deve-ser-paga-ate-o-dia-20\/\" target=\"_blank\" rel=\"noopener noreferrer\">Jornal Contabil<\/a><\/p>\n<\/div>\n<\/div>\n<\/div>\n<\/div>\n<\/div>\n<p><a class=\"bt-post\" href=\"\/contato\">PRESSIONE AQUI AGORA MESMO E FALE J\u00c1 CONOSCO PARA MAIS INFORMA\u00c7\u00d5ES!<\/a><\/p>\n","protected":false},"excerpt":{"rendered":"<p>Os contribuintes que aderiram \u00e0 prorroga\u00e7\u00e3o do pagamento dos impostos do Simples Nacional, dever\u00e3o pagar a primeira cota at\u00e9 a pr\u00f3xima ter\u00e7a-feira, dia 20. <\/p>\n","protected":false},"author":2,"featured_media":0,"comment_status":"open","ping_status":"closed","sticky":false,"template":"","format":"standard","meta":{"_joinchat":[],"footnotes":""},"categories":[1672,2692,335,60],"tags":[2691,2052,2669,2671,680,2668,2053,685,286,1443,2436,2689,2659,951,2670,2690,270],"class_list":["post-6336","post","type-post","status-publish","format-standard","hentry","category-das","category-juros-e-multas","category-mei","category-simples-nacional","tag-app-mei","tag-contribuicao-para-o-financiamento-da-seguridade-social","tag-contribuicao-previdenciaria-patronal","tag-contribuicao-social-sobre-lucro-liquido","tag-das","tag-imposto-de-renda-pessoa-juridica","tag-imposto-sobre-produtos-industrializados","tag-juros","tag-mei","tag-microempreendedores-individuais","tag-multas","tag-pagamento-dos-impostos-do-simples-nacional","tag-pgdas-d","tag-pgmei","tag-programa-de-integracao-social-e-o-programa-de-formacao-do-patrimonio-do-servidor-publico","tag-prorrogacao-do-pagamento-dos-impostos-do-simples-nacional","tag-simples-nacional"],"jetpack_featured_media_url":"","_links":{"self":[{"href":"https:\/\/razaocontab.com\/index.php?rest_route=\/wp\/v2\/posts\/6336","targetHints":{"allow":["GET"]}}],"collection":[{"href":"https:\/\/razaocontab.com\/index.php?rest_route=\/wp\/v2\/posts"}],"about":[{"href":"https:\/\/razaocontab.com\/index.php?rest_route=\/wp\/v2\/types\/post"}],"author":[{"embeddable":true,"href":"https:\/\/razaocontab.com\/index.php?rest_route=\/wp\/v2\/users\/2"}],"replies":[{"embeddable":true,"href":"https:\/\/razaocontab.com\/index.php?rest_route=%2Fwp%2Fv2%2Fcomments&post=6336"}],"version-history":[{"count":1,"href":"https:\/\/razaocontab.com\/index.php?rest_route=\/wp\/v2\/posts\/6336\/revisions"}],"predecessor-version":[{"id":6337,"href":"https:\/\/razaocontab.com\/index.php?rest_route=\/wp\/v2\/posts\/6336\/revisions\/6337"}],"wp:attachment":[{"href":"https:\/\/razaocontab.com\/index.php?rest_route=%2Fwp%2Fv2%2Fmedia&parent=6336"}],"wp:term":[{"taxonomy":"category","embeddable":true,"href":"https:\/\/razaocontab.com\/index.php?rest_route=%2Fwp%2Fv2%2Fcategories&post=6336"},{"taxonomy":"post_tag","embeddable":true,"href":"https:\/\/razaocontab.com\/index.php?rest_route=%2Fwp%2Fv2%2Ftags&post=6336"}],"curies":[{"name":"wp","href":"https:\/\/api.w.org\/{rel}","templated":true}]}}