{"id":6332,"date":"2021-07-12T07:00:04","date_gmt":"2021-07-12T10:00:04","guid":{"rendered":"http:\/\/razaocontab-com.umbler.net\/?p=6332"},"modified":"2021-07-09T17:54:42","modified_gmt":"2021-07-09T20:54:42","slug":"pronampe-essa-e-a-chance-de-fortalecer-a-sua-microempresa-ou-empresa-de-pequeno-porte-na-pandemia","status":"publish","type":"post","link":"https:\/\/razaocontab.com\/?p=6332","title":{"rendered":"Pronampe &#8211;  essa \u00e9 a chance de fortalecer a sua microempresa ou empresa de pequeno porte na pandemia!"},"content":{"rendered":"<h2 class=\"entry-title\">Pronampe: veja quem pode aderir \u00e0 nova linha de cr\u00e9dito<\/h2>\n<p>As contrata\u00e7\u00f5es de empr\u00e9stimos atrav\u00e9s do Programa Nacional de Apoio \u00e0s Microempresas e Empresas de Pequeno Porte (Pronampe), foram reabertas nesta semana.<\/p>\n<p>Para esta rodada de opera\u00e7\u00f5es, foram disponibilizados R$ 25 bilh\u00f5es com o objetivo de fortalecer as empresas que est\u00e3o enfrentando dificuldades por conta da covid-19.<\/p>\n<p data-fetch=\"true\">Uma das novidades \u00e9 que os empres\u00e1rios ter\u00e3o mais tempo para pagar o financiamento, pois, a car\u00eancia foi ampliada de 8 meses para 11 meses. Assim, o prazo total para as empresas quitarem o empr\u00e9stimo passou de 36 meses para 48 meses.<\/p>\n<div class=\"pp-box-adunit pp-ad-loading pp-type-intext\">\n<div class=\"pp-adunit\">\n<div class=\"pp-ad\">\n<div id=\"P_JORNAL_CONTABIL_INTEXT_01_0\" data-premium=\"\" data-adunit=\"JORNAL_CONTABIL_INTEXT_01\" data-sizes-mobile=\"[[336,280],[300,250]]\" data-sizes-desktop=\"[[336,280],[300,250]]\" data-type=\"intext\" data-fetch=\"true\" data-google-query-id=\"CN2d3LLq1vECFdQmuQYd_ckP0Q\">\n<p>O governo federal informou que aproximadamente 5,3 milh\u00f5es de empresas brasileiras podem aproveitar as condi\u00e7\u00f5es oferecidas pelo programa e investir no seu neg\u00f3cio.<\/p>\n<div id=\"_ppads_video\">\n<div class=\"teads-inread sm-screen\">\n<div>\n<p>No entanto, muitos empres\u00e1rios ainda t\u00eam d\u00favidas sobre quem pode receber a linha de cr\u00e9dito, por isso, neste artigo vamos te contar quais s\u00e3o essas empresas e como saber se voc\u00ea est\u00e1 entre elas. Acompanhe!<\/p>\n<h3 id=\"h-posso-aderir\">Posso aderir?<\/h3>\n<p>A linha de cr\u00e9dito do\u00a0Pronampe\u00a0est\u00e1 dispon\u00edvel para empresas que tiveram faturamento de at\u00e9 R$ 4,8 milh\u00f5es em 2020.<\/p>\n<p>Sendo assim, para participar do programa, \u00e9 necess\u00e1rio ser uma microempresa (ME) e possuir receita bruta anual de at\u00e9 R$ 360 mil ou uma empresa de pequeno porte (EPP), cuja receita bruta anual de at\u00e9 R$ 4,8 milh\u00f5es.<\/p>\n<p>Diante disso, poder\u00e3o se beneficiar com o programa aproximadamente 4,3 milh\u00f5es de microempresas e empresas de pequeno porte, que s\u00e3o optantes pelo Simples Nacional, al\u00e9m de 1 milh\u00e3o que n\u00e3o fazem parte deste regime.<\/p>\n<p data-fetch=\"true\">Outro crit\u00e9rio \u00e9 estar em situa\u00e7\u00e3o de regularidade junto \u00e0 seguridade social e manter a quantidade de funcion\u00e1rios em n\u00famero igual ou superior no per\u00edodo que vai desde a contrata\u00e7\u00e3o at\u00e9 60 dias ap\u00f3s a libera\u00e7\u00e3o do financiamento.<\/p>\n<p>Al\u00e9m disso, 20% dos recursos disponibilizados pelo programa ser\u00e3o direcionados para empresas que atuam no setor de eventos.<\/p>\n<p>\u201cEsses setores t\u00eam sofrido brutalmente com a crise, pois, diferente de bares ou restaurantes que ainda conseguem abrir a meia capacidade e em hor\u00e1rio limitado, o setor de eventos n\u00e3o tem tido nenhum tipo de atividade econ\u00f4mica, lembrando que este \u00e9 um setor altamente empregador no pa\u00eds\u201d, afirmou o subsecret\u00e1rio de Desenvolvimento das Micro e Pequenas Empresas, Empreendedorismo e Artesanato, do Minist\u00e9rio da Economia, Michael Dantas.<\/p>\n<h2 id=\"h-como-saber-se-posso-participar\">Como saber se posso participar?<\/h2>\n<p>Se voc\u00ea cumpre os requisitos que vimos acima, recebeu um comunicado da Receita Federal sobre a sua elegibilidade de participa\u00e7\u00e3o no Pronampe.<\/p>\n<p>Com isso, est\u00e1 entre as mais de 5,3 milh\u00f5es de\u00a0empresas\u00a0que foram consideradas aptas a aderir a esta linha de cr\u00e9dito disponibilizada pelo governo federal.<\/p>\n<p>A mensagem da Receita Federal possui informa\u00e7\u00f5es sobre a receita das empresas referentes aos anos de 2019 e 2020, conforme os dados apurados por meio do Programa Gerador do Documento de Arrecada\u00e7\u00e3o do Simples Nacional \u2013 Declarat\u00f3rio (PGDAS-D) ou por meio da Escritura\u00e7\u00e3o Cont\u00e1bil Fiscal (ECF).<\/p>\n<p>Al\u00e9m disso, no documento tamb\u00e9m consta o hash code que se trata de um c\u00f3digo com letras e n\u00fameros, que ser\u00e1 utilizado para validar os dados da empresa junto aos bancos que est\u00e3o participando do Pronampe.<\/p>\n<p>A orienta\u00e7\u00e3o da Receita Federal \u00e9 de que as empresas guardem esse comunicado e apresentem \u00e0 institui\u00e7\u00e3o banc\u00e1ria escolhida, no momento da contrata\u00e7\u00e3o do cr\u00e9dito.<\/p>\n<p>Para verificar se voc\u00ea recebeu esse comunicado, existem duas formas:<\/p>\n<ul>\n<li>as empresas optantes pelo Simples Nacional: devem acessar o Domic\u00edlio Tribut\u00e1rio Eletr\u00f4nico do Simples Nacional (DTE-SN),\u00a0 atrav\u00e9s do Portal do Simples Nacional;<\/li>\n<li>as empresas n\u00e3o optantes do Simples Nacional: devem verificar a Caixa Postal do e-CAC, acessada pelo site da Receita Federal.<\/li>\n<\/ul>\n<h2 id=\"h-como-usar-o-cr-dito\">Como usar o cr\u00e9dito?<\/h2>\n<p>As micro e pequenas empresas podem usar o recurso em investimentos e capital de giro, como para pagar sal\u00e1rio, \u00e1gua, luz, aluguel, reposi\u00e7\u00e3o de estoque.<\/p>\n<p data-fetch=\"true\">Tamb\u00e9m pode ser investido na aquisi\u00e7\u00e3o de m\u00e1quinas e equipamentos para ampliar o trabalho desenvolvido pela empresa.<\/p>\n<div class=\"pp-box-adunit pp-ad-loading pp-type-intext\">\n<div class=\"pp-adunit\">\n<div class=\"pp-ad\">\n<div id=\"P_JORNAL_CONTABIL_INTEXT_03_0\" data-premium=\"\" data-adunit=\"JORNAL_CONTABIL_INTEXT_03\" data-sizes-mobile=\"[[336,280],[300,250]]\" data-sizes-desktop=\"[[336,280],[300,250]]\" data-type=\"intext\" data-fetch=\"true\" data-google-query-id=\"CNvRmeDq1vECFfU4uQYd2swG-g\">\n<p>Mas, vale ressaltar que o recurso do\u00a0Pronampe\u00a0n\u00e3o pode ser usado para distribui\u00e7\u00e3o de lucros e dividendos entre os s\u00f3cios do neg\u00f3cio e outras finalidades que n\u00e3o est\u00e3o previstas em lei.<\/p>\n<p>Fonte: <a href=\"https:\/\/www.jornalcontabil.com.br\/pronampe-veja-quem-pode-aderir-a-nova-linha-de-credito\/\" target=\"_blank\" rel=\"noopener noreferrer\">Jornal Cont\u00e1bil<\/a><\/p>\n<\/div>\n<\/div>\n<\/div>\n<\/div>\n<\/div>\n<\/div>\n<\/div>\n<\/div>\n<\/div>\n<\/div>\n<\/div>\n<p><a class=\"bt-post\" href=\"\/contato\">PRESSIONE AQUI AGORA MESMO E FALE J\u00c1 CONOSCO PARA MAIS INFORMA\u00c7\u00d5ES!<\/a><\/p>\n","protected":false},"excerpt":{"rendered":"<p>As contrata\u00e7\u00f5es de empr\u00e9stimos atrav\u00e9s do Programa Nacional de Apoio \u00e0s Microempresas e Empresas de Pequeno Porte (Pronampe), foram reabertas nesta semana.<\/p>\n","protected":false},"author":2,"featured_media":0,"comment_status":"open","ping_status":"closed","sticky":false,"template":"","format":"standard","meta":{"_joinchat":[],"footnotes":""},"categories":[1041,2601,2602,1131],"tags":[354,1811,886,281,378,375,285,826,1047,1082],"class_list":["post-6332","post","type-post","status-publish","format-standard","hentry","category-emprestimo","category-epp","category-me","category-pronampe","tag-covid-19","tag-empresa-de-pequeno-porte","tag-emprestimo","tag-epp","tag-governo-federal","tag-linha-de-credito","tag-me","tag-microempresa","tag-programa-nacional-de-apoio-as-microempresas-e-empresas-de-pequeno-porte","tag-pronampe"],"jetpack_featured_media_url":"","_links":{"self":[{"href":"https:\/\/razaocontab.com\/index.php?rest_route=\/wp\/v2\/posts\/6332","targetHints":{"allow":["GET"]}}],"collection":[{"href":"https:\/\/razaocontab.com\/index.php?rest_route=\/wp\/v2\/posts"}],"about":[{"href":"https:\/\/razaocontab.com\/index.php?rest_route=\/wp\/v2\/types\/post"}],"author":[{"embeddable":true,"href":"https:\/\/razaocontab.com\/index.php?rest_route=\/wp\/v2\/users\/2"}],"replies":[{"embeddable":true,"href":"https:\/\/razaocontab.com\/index.php?rest_route=%2Fwp%2Fv2%2Fcomments&post=6332"}],"version-history":[{"count":1,"href":"https:\/\/razaocontab.com\/index.php?rest_route=\/wp\/v2\/posts\/6332\/revisions"}],"predecessor-version":[{"id":6333,"href":"https:\/\/razaocontab.com\/index.php?rest_route=\/wp\/v2\/posts\/6332\/revisions\/6333"}],"wp:attachment":[{"href":"https:\/\/razaocontab.com\/index.php?rest_route=%2Fwp%2Fv2%2Fmedia&parent=6332"}],"wp:term":[{"taxonomy":"category","embeddable":true,"href":"https:\/\/razaocontab.com\/index.php?rest_route=%2Fwp%2Fv2%2Fcategories&post=6332"},{"taxonomy":"post_tag","embeddable":true,"href":"https:\/\/razaocontab.com\/index.php?rest_route=%2Fwp%2Fv2%2Ftags&post=6332"}],"curies":[{"name":"wp","href":"https:\/\/api.w.org\/{rel}","templated":true}]}}