{"id":6303,"date":"2021-06-28T07:00:53","date_gmt":"2021-06-28T10:00:53","guid":{"rendered":"http:\/\/razaocontab-com.umbler.net\/?p=6303"},"modified":"2021-06-25T20:39:07","modified_gmt":"2021-06-25T23:39:07","slug":"etencao-empreendedor-comissao-de-defesa-do-consumidor-discute-hoje-sobre-seguranca-de-dados","status":"publish","type":"post","link":"https:\/\/razaocontab.com\/?p=6303","title":{"rendered":"[Aten\u00e7\u00e3o, empreendedor] Comiss\u00e3o de Defesa do Consumidor discute hoje sobre seguran\u00e7a de dados"},"content":{"rendered":"<h2 class=\"entry-title\" style=\"text-align: center;\">Comiss\u00e3o discute sobre a seguran\u00e7a no armazenamento de dados dos consumidores<\/h2>\n<p>A Comiss\u00e3o de Defesa do Consumidor realiza audi\u00eancia p\u00fablica nesta segunda-feira (28) para\u00a0discutir o Projeto de Lei 786\/19, que trata do armazenamento, pelo fornecedor, de dados referentes aos instrumentos de pagamento utilizados pelo consumidor.<\/p>\n<p><a href=\"https:\/\/edemocracia.camara.leg.br\/audiencias\/sala\/2001\">O debate ser\u00e1 no plen\u00e1rio 8, \u00e0s 9h30, e poder\u00e1 ser acompanhado de forma interativa pelo e-Democracia<\/a>.<\/p>\n<h2 id=\"h-confirmaram-presen-a-na-audi-ncia-p-blica\">Confirmaram presen\u00e7a na audi\u00eancia p\u00fablica:<\/h2>\n<p data-fetch=\"true\">\u2013 Representante da Associa\u00e7\u00e3o Brasileira de Institui\u00e7\u00f5es de Pagamento (Abipag), Marcel Leonard;<br \/>\n\u2013 O vice-presidente da Associa\u00e7\u00e3o Brasileira das Empresas de Cart\u00f5es de Cr\u00e9dito e Servi\u00e7o (Abecs), Ricardo de Barros Vieira;<br \/>\n\u2013 O diretor-presidente da Autoridade Nacional de Prote\u00e7\u00e3o de Dados (ANPD), Waldemar Gon\u00e7alves Ortunho J\u00fanior;<br \/>\n\u2013 O advogado especialista em Direito Digital, Fabr\u00edcio de Mota Alves; e<br \/>\n\u2013 Representante da C\u00e2mara Brasileira de\u00a0Economia\u00a0Digital.<\/p>\n<div class=\"pp-box-adunit pp-ad-loading pp-type-intext\">\n<div class=\"pp-adunit\">\n<div class=\"pp-ad\">\n<div id=\"P_JORNAL_CONTABIL_INTEXT_01_0\" data-premium=\"\" data-adunit=\"JORNAL_CONTABIL_INTEXT_01\" data-sizes-mobile=\"[[336,280],[300,250]]\" data-sizes-desktop=\"[[336,280],[300,250]]\" data-type=\"intext\" data-fetch=\"true\" data-google-query-id=\"CNKe_8Hys_ECFcUJuQYdFiAA-g\">\n<p>O deputado\u00a0<a href=\"https:\/\/www.camara.leg.br\/deputados\/205550\">Jorge Braz (Republicanos-RJ)<\/a>, que pediu o debate, lembra que o\u00a0<a href=\"https:\/\/www.camara.leg.br\/noticias\/555611-projeto-proibe-fornecedor-de-armazenar-dados-bancarios-de-consumidores\">PL 786\/19<\/a>, elaborado com o objetivo de conferir maior seguran\u00e7a \u00e0s transa\u00e7\u00f5es realizadas por meio eletr\u00f4nico,\u00a0<em>\u201ctem suscitado d\u00favidas relevantes sobre a sua viabilidade, utilidade e prov\u00e1veis impactos de ordem operacional e para os consumidores\u201d<\/em>.<\/p>\n<div id=\"_ppads_video\">\n<div class=\"teads-inread sm-screen\">\n<div>Fonte:\u00a0<a href=\"https:\/\/www.camara.leg.br\/noticias\/777406-comissao-debate-projeto-que-trata-da-seguranca-no-armazenamento-de-dados-dos-consumidores\/\" target=\"_blank\" rel=\"noreferrer noopener\">Ag\u00eancia C\u00e2mara de Not\u00edcias<\/a><\/div>\n<\/div>\n<\/div>\n<\/div>\n<\/div>\n<\/div>\n<\/div>\n<div class=\"td-module-meta-info\"><\/div>\n<p><a class=\"bt-post\" href=\"\/contato\">PRESSIONE AQUI AGORA MESMO E FALE J\u00c1 CONOSCO PARA MAIS INFORMA\u00c7\u00d5ES!<\/a><\/p>\n","protected":false},"excerpt":{"rendered":"<p>A Comiss\u00e3o de Defesa do Consumidor realiza audi\u00eancia p\u00fablica nesta segunda-feira (28) para discutir o Projeto de Lei 786\/19, que trata do armazenamento, pelo fornecedor, de dados referentes aos instrumentos de pagamento utilizados pelo consumidor.<\/p>\n","protected":false},"author":2,"featured_media":0,"comment_status":"open","ping_status":"closed","sticky":false,"template":"","format":"standard","meta":{"_joinchat":[],"footnotes":""},"categories":[2491,2627,2626],"tags":[2619,2620,2622,2624,2621,2625,2623],"class_list":["post-6303","post","type-post","status-publish","format-standard","hentry","category-anpd","category-audiencia-publica","category-comissao-de-defesa-do-consumidor","tag-armazenamento-de-dados","tag-armazenamento-de-dados-dos-consumidores","tag-audiencia-publica","tag-autoridade-nacional-de-protecao-de-dados","tag-comissao-de-defesa-do-consumidor","tag-economia-digital","tag-representante-da-associacao-brasileira-de-instituicoes-de-pagamento"],"jetpack_featured_media_url":"","_links":{"self":[{"href":"https:\/\/razaocontab.com\/index.php?rest_route=\/wp\/v2\/posts\/6303","targetHints":{"allow":["GET"]}}],"collection":[{"href":"https:\/\/razaocontab.com\/index.php?rest_route=\/wp\/v2\/posts"}],"about":[{"href":"https:\/\/razaocontab.com\/index.php?rest_route=\/wp\/v2\/types\/post"}],"author":[{"embeddable":true,"href":"https:\/\/razaocontab.com\/index.php?rest_route=\/wp\/v2\/users\/2"}],"replies":[{"embeddable":true,"href":"https:\/\/razaocontab.com\/index.php?rest_route=%2Fwp%2Fv2%2Fcomments&post=6303"}],"version-history":[{"count":1,"href":"https:\/\/razaocontab.com\/index.php?rest_route=\/wp\/v2\/posts\/6303\/revisions"}],"predecessor-version":[{"id":6304,"href":"https:\/\/razaocontab.com\/index.php?rest_route=\/wp\/v2\/posts\/6303\/revisions\/6304"}],"wp:attachment":[{"href":"https:\/\/razaocontab.com\/index.php?rest_route=%2Fwp%2Fv2%2Fmedia&parent=6303"}],"wp:term":[{"taxonomy":"category","embeddable":true,"href":"https:\/\/razaocontab.com\/index.php?rest_route=%2Fwp%2Fv2%2Fcategories&post=6303"},{"taxonomy":"post_tag","embeddable":true,"href":"https:\/\/razaocontab.com\/index.php?rest_route=%2Fwp%2Fv2%2Ftags&post=6303"}],"curies":[{"name":"wp","href":"https:\/\/api.w.org\/{rel}","templated":true}]}}