{"id":6270,"date":"2021-06-09T07:00:36","date_gmt":"2021-06-09T10:00:36","guid":{"rendered":"http:\/\/razaocontab-com.umbler.net\/?p=6270"},"modified":"2021-06-08T19:24:58","modified_gmt":"2021-06-08T22:24:58","slug":"baixe-agora-o-novo-programa-para-transmissao-da-ecf","status":"publish","type":"post","link":"https:\/\/razaocontab.com\/?p=6270","title":{"rendered":"Baixe agora o novo programa para transmiss\u00e3o da ECF!"},"content":{"rendered":"<h2 class=\"entry-title\" style=\"text-align: center;\">Nova vers\u00e3o do programa para a transmiss\u00e3o da ECF j\u00e1 est\u00e1 dispon\u00edvel<\/h2>\n<div class=\"td-module-meta-info\">\n<p>A Escritura\u00e7\u00e3o Cont\u00e1bil Fiscal (ECF) \u00e9 uma obriga\u00e7\u00e3o anual exigida desde 2014. Atrav\u00e9s dela s\u00e3o apresentadas informa\u00e7\u00f5es cont\u00e1beis e fiscais referentes ao IRPJ e CSLL.<\/p>\n<p>Desta forma, ela substitui a Declara\u00e7\u00e3o de Informa\u00e7\u00f5es Econ\u00f4mico-Fiscais da Pessoa Jur\u00eddica (DIPJ).\u00a0Neste ano, essa declara\u00e7\u00e3o deve ser transmitida at\u00e9 30 de julho.<\/p>\n<p>Assim, \u00e9 importante saber que essa escritura\u00e7\u00e3o possui algumas mudan\u00e7as, al\u00e9m de contar com uma vers\u00e3o do programa utilizado para a sua transmiss\u00e3o.<\/p>\n<p>Ent\u00e3o, continue acompanhando para saber quais s\u00e3o essas altera\u00e7\u00f5es e como escriturar sua ECF.<\/p>\n<h2 id=\"h-o-que-transmitir-na-ecf\">O que transmitir na ECF?<\/h2>\n<p>Todas as pessoas jur\u00eddicas, inclusive imunes e isentas, sejam elas tributadas pelo lucro real, lucro arbitrado ou lucro presumido devem fazer a transmiss\u00e3o da ECF.<\/p>\n<p data-fetch=\"true\">Est\u00e3o isentas apenas as pessoas jur\u00eddicas optantes pelo Simples Nacional; os \u00f3rg\u00e3os p\u00fablicos, \u00e0s autarquias e \u00e0s funda\u00e7\u00f5es p\u00fablicas, al\u00e9m das pessoas jur\u00eddicas que n\u00e3o tenham efetuado qualquer atividade operacional durante 2020.<\/p>\n<\/div>\n<p>Desta forma, devem ser informadas todas as opera\u00e7\u00f5es que influenciam a composi\u00e7\u00e3o da base de c\u00e1lculo e o valor devido do IRPJ (Imposto de Renda da Pessoa Jur\u00eddica) e da Contribui\u00e7\u00e3o Social sobre o Lucro L\u00edquido (CSLL), especialmente quanto:<\/p>\n<div id=\"_ppads_video\">\n<div class=\"teads-inread sm-screen\">\n<div>\n<ul>\n<li>\u00e0 recupera\u00e7\u00e3o do plano de contas cont\u00e1bil e saldos das contas, para pessoas jur\u00eddicas obrigadas \u00e0 entrega da Escritura\u00e7\u00e3o Cont\u00e1bil Digital (ECD) relativa ao mesmo per\u00edodo da ECF;<\/li>\n<li>\u00e0 recupera\u00e7\u00e3o de saldos finais da\u00a0ECF\u00a0do per\u00edodo imediatamente anterior, quando aplic\u00e1vel;<\/li>\n<li>\u00e0 associa\u00e7\u00e3o das contas do plano de contas cont\u00e1bil recuperado da ECD com o plano de contas referencial, definido pela Coordena\u00e7\u00e3o-Geral de Fiscaliza\u00e7\u00e3o (Cofis) por meio de Ato Declarat\u00f3rio Executivo;<\/li>\n<li>ao detalhamento dos ajustes do lucro l\u00edquido na apura\u00e7\u00e3o do lucro real, no Livro Eletr\u00f4nico de Apura\u00e7\u00e3o do Lucro Real (e-Lalur), mediante tabela de adi\u00e7\u00f5es e exclus\u00f5es definida pela Cofis por meio de Ato Declarat\u00f3rio Executivo;<\/li>\n<li>ao detalhamento dos ajustes da base de c\u00e1lculo da CSLL, no Livro Eletr\u00f4nico de Apura\u00e7\u00e3o da Base de C\u00e1lculo da CSLL (e-Lacs), mediante tabela de adi\u00e7\u00f5es e exclus\u00f5es definida pela Cofis por meio de Ato Declarat\u00f3rio Executivo;<\/li>\n<li>aos registros de controle de todos os valores a excluir, adicionar ou compensar em exerc\u00edcios subsequentes, inclusive preju\u00edzo fiscal e base de c\u00e1lculo negativa da CSLL;<\/li>\n<li>aos registros, lan\u00e7amentos e ajustes que forem necess\u00e1rios para a observ\u00e2ncia de preceitos da lei tribut\u00e1ria relativos \u00e0 determina\u00e7\u00e3o do lucro real e da base de c\u00e1lculo da CSLL, quando n\u00e3o devam, por sua natureza exclusivamente fiscal, constar da escritura\u00e7\u00e3o comercial, ou sejam diferentes dos lan\u00e7amentos dessa escritura\u00e7\u00e3o;<\/li>\n<li>\u00e0 apresenta\u00e7\u00e3o do Demonstrativo de Livro Caixa, a partir do ano-calend\u00e1rio de 2016, para as pessoas jur\u00eddicas optantes pela sistem\u00e1tica do lucro presumido cuja receita bruta no ano seja superior a R$ 1.200.000,00 ou proporcionalmente ao per\u00edodo a que se refere.<\/li>\n<\/ul>\n<h2 id=\"h-mudan-as\">Mudan\u00e7as<\/h2>\n<p data-fetch=\"true\">Se voc\u00ea est\u00e1 se preparando para fazer a ECF, saiba que a principal mudan\u00e7a mais recente est\u00e1 relacionada \u00e0 publica\u00e7\u00e3o da vers\u00e3o 7.0.5 do programa da ECF. Ela traz as seguintes altera\u00e7\u00f5es:<\/p>\n<div class=\"pp-box-adunit pp-ad-loading pp-type-intext\">\n<div class=\"pp-adunit\">\n<div class=\"pp-ad\">\n<div id=\"P_JORNAL_CONTABIL_INTEXT_02_0\" data-premium=\"\" data-adunit=\"JORNAL_CONTABIL_INTEXT_02\" data-sizes-mobile=\"[[336,280],[300,250]]\" data-sizes-desktop=\"[[336,280],[300,250]]\" data-type=\"intext\" data-fetch=\"true\" data-google-query-id=\"CPOW75yFifECFXQwuQYdD6wDrA\">\n<ul>\n<li>Corre\u00e7\u00e3o do problema no preenchimento dos dados do Bloco V \u2013 Derex;<\/li>\n<li>Melhorias no desempenho do programa no momento da valida\u00e7\u00e3o do arquivo da ECF.<\/li>\n<\/ul>\n<p>Todas as instru\u00e7\u00f5es referentes ao leiaute 7 podem ser conferidas atrav\u00e9s do Manual da ECF e no arquivo de Tabelas Din\u00e2micas.<\/p>\n<p>Esses arquivos est\u00e3o dispon\u00edveis no site do\u00a0SPED, que se trata de um sistema criado para unificar as atividades de recep\u00e7\u00e3o, valida\u00e7\u00e3o, armazenamento e autentica\u00e7\u00e3o de livros e documentos que integram a escritura\u00e7\u00e3o cont\u00e1bil e fiscal dos empres\u00e1rios e das pessoas jur\u00eddicas, inclusive imunes ou isentas.<\/p>\n<p>Al\u00e9m disso, outras mudan\u00e7as foram feitas por meio do Ato Declarat\u00f3rio Executivo COFIS n\u00b0 86, respons\u00e1vel pelas seguintes altera\u00e7\u00f5es:<\/p>\n<ol>\n<li>Inclus\u00e3o e exclus\u00e3o de registros: X305, X325, Y540, Y550, Y560, Y580, Y671 e Y690;<\/li>\n<li>Atualiza\u00e7\u00e3o de texto e de tabelas: Registro 0000, W200<\/li>\n<li>Exclus\u00e3o de campos e inclus\u00e3o de regras: Registro 0010, 0020, C051, W100, X280, X300<\/li>\n<li>Inclus\u00e3o de campos: Registro C040, X280, X300, X310, X320, X330<\/li>\n<li>Altera\u00e7\u00e3o de descri\u00e7\u00e3o: L300, M010, M300, M350<\/li>\n<li>Inclus\u00e3o e exclus\u00e3o de linhas: N600 e P230.<\/li>\n<\/ol>\n<h2 id=\"h-como-enviar\">Como enviar?<\/h2>\n<p>Para fazer o envio da\u00a0ECF, \u00e9 necess\u00e1rio acessar o portal SPED (Sistema P\u00fablico de Escritura\u00e7\u00e3o Digital), onde estar\u00e1 dispon\u00edvel a nova vers\u00e3o do documento que pode ser utilizado nos sistemas operacionais abaixo, desde que obedecidas as instru\u00e7\u00f5es.<\/p>\n<p>Depois de instalar, \u00e9 necess\u00e1rio seguir o layout e respeitar as etapas de preenchimento. Portanto, conte ainda com o manual que descreve as etapas para transmiss\u00e3o, a legisla\u00e7\u00e3o, os prazos e um acervo de solu\u00e7\u00e3o para perguntas frequentes.<\/p>\n<p>Para auxiliar no preenchimento desta escritura\u00e7\u00e3o e evitar erros, voc\u00ea pode contar ainda com a ajuda de um contador que pode acompanhar o cumprimento de todas as obriga\u00e7\u00f5es da sua empresa.<\/p>\n<p>Fonte: <a href=\"https:\/\/www.jornalcontabil.com.br\/nova-versao-do-programa-para-a-transmissao-da-ecf-esta-disponivel\/\" target=\"_blank\" rel=\"noopener noreferrer\">Jornal Cont\u00e1bil<\/a><\/p>\n<\/div>\n<\/div>\n<\/div>\n<\/div>\n<\/div>\n<\/div>\n<\/div>\n<p><a class=\"bt-post\" href=\"\/contato\">PARA MAIS INFORMA\u00c7\u00d5ES ENTRE EM CONTATO CONOSCO<\/a><\/p>\n","protected":false},"excerpt":{"rendered":"<p>A Escritura\u00e7\u00e3o Cont\u00e1bil Fiscal (ECF) \u00e9 uma obriga\u00e7\u00e3o anual exigida desde 2014. Atrav\u00e9s dela s\u00e3o apresentadas informa\u00e7\u00f5es cont\u00e1beis e fiscais referentes ao IRPJ e CSLL.<\/p>\n","protected":false},"author":2,"featured_media":0,"comment_status":"open","ping_status":"closed","sticky":false,"template":"","format":"standard","meta":{"_joinchat":[],"footnotes":""},"categories":[2515,2516,2392],"tags":[2512,1377,2511,79,2510,1958,2012,2514,2513,284,1723,2508,270,1826,2509],"class_list":["post-6270","post","type-post","status-publish","format-standard","hentry","category-csll","category-dipj","category-ecf","tag-cofis","tag-contribuicao-social-sobre-o-lucro-liquido","tag-coordenacao-geral-de-fiscalizacao","tag-csll","tag-declaracao-de-informacoes-economico-fiscais-da-pessoa-juridica","tag-imposto-de-renda-da-pessoa-juridica","tag-irpj","tag-livro-caixa","tag-livro-eletronico-de-apuracao-do-lucro-real","tag-lucro-real","tag-pessoas-juridicas","tag-portal-sped","tag-simples-nacional","tag-sistema-publico-de-escrituracao-digital","tag-sped"],"jetpack_featured_media_url":"","_links":{"self":[{"href":"https:\/\/razaocontab.com\/index.php?rest_route=\/wp\/v2\/posts\/6270","targetHints":{"allow":["GET"]}}],"collection":[{"href":"https:\/\/razaocontab.com\/index.php?rest_route=\/wp\/v2\/posts"}],"about":[{"href":"https:\/\/razaocontab.com\/index.php?rest_route=\/wp\/v2\/types\/post"}],"author":[{"embeddable":true,"href":"https:\/\/razaocontab.com\/index.php?rest_route=\/wp\/v2\/users\/2"}],"replies":[{"embeddable":true,"href":"https:\/\/razaocontab.com\/index.php?rest_route=%2Fwp%2Fv2%2Fcomments&post=6270"}],"version-history":[{"count":1,"href":"https:\/\/razaocontab.com\/index.php?rest_route=\/wp\/v2\/posts\/6270\/revisions"}],"predecessor-version":[{"id":6271,"href":"https:\/\/razaocontab.com\/index.php?rest_route=\/wp\/v2\/posts\/6270\/revisions\/6271"}],"wp:attachment":[{"href":"https:\/\/razaocontab.com\/index.php?rest_route=%2Fwp%2Fv2%2Fmedia&parent=6270"}],"wp:term":[{"taxonomy":"category","embeddable":true,"href":"https:\/\/razaocontab.com\/index.php?rest_route=%2Fwp%2Fv2%2Fcategories&post=6270"},{"taxonomy":"post_tag","embeddable":true,"href":"https:\/\/razaocontab.com\/index.php?rest_route=%2Fwp%2Fv2%2Ftags&post=6270"}],"curies":[{"name":"wp","href":"https:\/\/api.w.org\/{rel}","templated":true}]}}