{"id":6226,"date":"2021-05-19T07:00:32","date_gmt":"2021-05-19T10:00:32","guid":{"rendered":"http:\/\/razaocontab-com.umbler.net\/?p=6226"},"modified":"2021-05-18T20:43:57","modified_gmt":"2021-05-18T23:43:57","slug":"atencao-voce-pode-receber-dinheiro-de-impostos-acumulados-do-icms","status":"publish","type":"post","link":"https:\/\/razaocontab.com\/?p=6226","title":{"rendered":"Aten\u00e7\u00e3o, voc\u00ea pode receber dinheiro de impostos acumulados  do ICMS! Saiba mais!"},"content":{"rendered":"<h2 class=\"entry-title\" style=\"text-align: center;\">Governo ir\u00e1 ressarcir empresas que pagaram ICMS desde 2017<\/h2>\n<p>Ontem, quinta-feira,13, o STF afirmou que o ICMS n\u00e3o pode fazer parte da base de c\u00e1lculo do\u00a0PIS\/Cofins.<\/p>\n<p>Com esta decis\u00e3o a Uni\u00e3o precisar\u00e1 devolver o dinheiro para as empresas que efetuaram o pagamento de forma indevida.<\/p>\n<h2 id=\"h-supremo\">Supremo<\/h2>\n<p>Foi acatado pelo Supremo a solicita\u00e7\u00e3o da Fazenda Nacional que tinha o objetivo de diminuir o impacto fiscal e com isto foi determinado que a Uni\u00e3o deve devolver \u00e0s empresas os impostos que foram pagos de forma indevida a partir de 15 de mar\u00e7o de 2017, data do julgamento .<\/p>\n<p>Para as empresas que recorreram \u00e0 via judicial ou entraram com solicita\u00e7\u00f5es de recompensa \u00e0 Receita, tamb\u00e9m poder\u00e3o pedir a restitui\u00e7\u00e3o.<\/p>\n<h2 id=\"h-diminuir-o-impacto-fiscal\">Diminuir o Impacto Fiscal<\/h2>\n<p>Paulo Guedes, ministro da\u00a0Economia, no final do m\u00eas passado, solicitou pessoalmente ao presidente do STF, Luiz Fux, que diminu\u00edsse o impacto para o governo.<\/p>\n<h2 id=\"h-supremo-tribunal-federal\">Supremo Tribunal Federal<\/h2>\n<p data-fetch=\"true\">Foi decidido em 2017 pelo Plen\u00e1rio do Supremo, em um fato isolado, que o ICMS n\u00e3o faz parte da base de c\u00e1lculo do PIS e da Cofins, impostos previstos na Constitui\u00e7\u00e3o Federal e que tem o objetivo de financiar a seguridade social.<\/p>\n<div class=\"td-module-meta-info\">\n<h2 id=\"h-advocacia-geral-da-uni-o\">Advocacia Geral da Uni\u00e3o<\/h2>\n<p>Foi interposto embargos de declara\u00e7\u00e3o, havendo uma solicita\u00e7\u00e3o para a modula\u00e7\u00e3o dos efeitos da decis\u00e3o.<\/p>\n<p>Com a finalidade de que seus efeitos s\u00f3 aconte\u00e7am depois do julgamento do recurso.<\/p>\n<p>Foi solicitado que a defini\u00e7\u00e3o de que a exclus\u00e3o fosse do ICMS pago e n\u00e3o\u00a0ICMS\u00a0destacado em nota fiscal.<\/p>\n<p>Fonte:<a href=\"https:\/\/www.jornalcontabil.com.br\/governo-ira-ressarcir-empresas-que-pagaram-icms-desde-2017\/\" target=\"_blank\" rel=\"noopener noreferrer\"> Jornal Cont\u00e1bil<\/a><\/p>\n<\/div>\n<p><a class=\"bt-post\" href=\"\/contato\"> PARA MAIS INFORMA\u00c7\u00d5ES ENTRE EM CONTATO CONOSCO<\/a><\/p>\n","protected":false},"excerpt":{"rendered":"<p>Ontem, quinta-feira,13, o STF afirmou que o ICMS n\u00e3o pode fazer parte da base de c\u00e1lculo do PIS\/Cofins.<\/p>\n<p>Com esta decis\u00e3o a Uni\u00e3o precisar\u00e1 devolver o dinheiro para as empresas que efetuaram o pagamento de forma indevida. <\/p>\n","protected":false},"author":2,"featured_media":6228,"comment_status":"open","ping_status":"closed","sticky":false,"template":"","format":"standard","meta":{"_joinchat":[],"footnotes":""},"categories":[2398,56,2399],"tags":[651,2397,2394,374,367,2396,443,2393,597,2395,718],"class_list":["post-6226","post","type-post","status-publish","format-standard","has-post-thumbnail","hentry","category-pis-e-cofins","category-icms","category-supremo-tribunal-federal","tag-constituicao-federal","tag-diminuir-o-impacto-fiscal","tag-fazenda-nacional","tag-governo","tag-icms","tag-impacto-fiscal","tag-ministro-da-economia","tag-pis-cofins","tag-stf","tag-supremo","tag-supremo-tribunal-federal"],"jetpack_featured_media_url":"https:\/\/razaocontab.com\/wp-content\/uploads\/2021\/05\/atencao-voce-pode-receber-dinheiro-de-impostos-acumulados-do-icms-1.jpg","_links":{"self":[{"href":"https:\/\/razaocontab.com\/index.php?rest_route=\/wp\/v2\/posts\/6226","targetHints":{"allow":["GET"]}}],"collection":[{"href":"https:\/\/razaocontab.com\/index.php?rest_route=\/wp\/v2\/posts"}],"about":[{"href":"https:\/\/razaocontab.com\/index.php?rest_route=\/wp\/v2\/types\/post"}],"author":[{"embeddable":true,"href":"https:\/\/razaocontab.com\/index.php?rest_route=\/wp\/v2\/users\/2"}],"replies":[{"embeddable":true,"href":"https:\/\/razaocontab.com\/index.php?rest_route=%2Fwp%2Fv2%2Fcomments&post=6226"}],"version-history":[{"count":1,"href":"https:\/\/razaocontab.com\/index.php?rest_route=\/wp\/v2\/posts\/6226\/revisions"}],"predecessor-version":[{"id":6227,"href":"https:\/\/razaocontab.com\/index.php?rest_route=\/wp\/v2\/posts\/6226\/revisions\/6227"}],"wp:featuredmedia":[{"embeddable":true,"href":"https:\/\/razaocontab.com\/index.php?rest_route=\/wp\/v2\/media\/6228"}],"wp:attachment":[{"href":"https:\/\/razaocontab.com\/index.php?rest_route=%2Fwp%2Fv2%2Fmedia&parent=6226"}],"wp:term":[{"taxonomy":"category","embeddable":true,"href":"https:\/\/razaocontab.com\/index.php?rest_route=%2Fwp%2Fv2%2Fcategories&post=6226"},{"taxonomy":"post_tag","embeddable":true,"href":"https:\/\/razaocontab.com\/index.php?rest_route=%2Fwp%2Fv2%2Ftags&post=6226"}],"curies":[{"name":"wp","href":"https:\/\/api.w.org\/{rel}","templated":true}]}}