{"id":6182,"date":"2021-04-29T07:00:52","date_gmt":"2021-04-29T10:00:52","guid":{"rendered":"http:\/\/razaocontab-com.umbler.net\/?p=6182"},"modified":"2021-04-28T19:32:31","modified_gmt":"2021-04-28T22:32:31","slug":"mp-1045-saiba-agora-como-aderir-ao-bem-e-proteger-sua-empresa-e-funcionarios-desta-crise","status":"publish","type":"post","link":"https:\/\/razaocontab.com\/?p=6182","title":{"rendered":"MP 1.045: saiba agora como aderir ao BEm e proteger sua empresa e funcion\u00e1rios desta crise!"},"content":{"rendered":"<h2 class=\"entry-title\" style=\"text-align: center;\">Governo lan\u00e7a BEm e flexibiliza\u00e7\u00e3o trabalhista, veja como aderir<\/h2>\n<p>O Programa Emergencial de Manuten\u00e7\u00e3o do Emprego e da Renda, mais conhecido como BEm, \u00e9 lan\u00e7ado pelo governo federal, o BEm 2021 de fato vem nos mesmos moldes da Medida Provis\u00f3ria (MP) que vigorou por 8 meses no ano passado.<\/p>\n<p>A nova MP 1.045 permite que os empregados e empregados realizem um acordo para a redu\u00e7\u00e3o da jornada e sal\u00e1rio proporcionalmente, bem como a suspens\u00e3o total e tempor\u00e1ria do contrato de trabalho.<\/p>\n<p>O novo programa permite acordos de redu\u00e7\u00e3o de sal\u00e1rio em 25%, 50% e 70% e ter\u00e3o validade por at\u00e9 120 dias. Com rela\u00e7\u00e3o \u00e0 suspens\u00e3o do contrato de trabalho a mesma tamb\u00e9m ter\u00e1 dura\u00e7\u00e3o de 120 dias e o governo ainda poder\u00e1 prorrogar o prazo do programa, caso necess\u00e1rio.<\/p>\n<p data-fetch=\"true\">Al\u00e9m disso, o governo n\u00e3o permitir\u00e1 contratos retroativos, ou seja, os acordos s\u00f3 podem valer ap\u00f3s a publica\u00e7\u00e3o da (MP) nesta quarta-feira (28).<\/p>\n<div class=\"td-module-meta-info\">\n<h2 id=\"h-redu-o-de-jornada-e-sal-rio\">Redu\u00e7\u00e3o de jornada e sal\u00e1rio<\/h2>\n<p>Quando o acordo entre ambos os lados \u00e9 firmado, o governo paga o BEm aos trabalhadores para que os mesmos n\u00e3o tenham preju\u00edzos em suas rendas. O valor pago pelo governo \u00e9 calculado sobre o valor do seguro-desemprego a que ele teria direito se fosse demitido.<\/p>\n<p>Entenda como funciona:<\/p>\n<p><strong>Redu\u00e7\u00e3o de Jornada e Sal\u00e1rio em 25%<\/strong><\/p>\n<p>Caso o trabalhador e a empresa acordarem na redu\u00e7\u00e3o de jornada e sal\u00e1rio em 25% \u2014 A empresa paga 75% do sal\u00e1rio e o governo os outros 25% calculado sobre o valor do seguro-desemprego.<\/p>\n<p><strong>Redu\u00e7\u00e3o de Jornada e Sal\u00e1rio em 50%<\/strong><\/p>\n<p>Se o trabalhador e a empresa\u00a0acordarem na redu\u00e7\u00e3o da jornada e sal\u00e1rio em 50% \u2014 A empresa paga 50% do sal\u00e1rio e o governo os outros 50% calculado sobre o valor do seguro-desemprego.<\/p>\n<p><strong>Redu\u00e7\u00e3o de Jornada e Sal\u00e1rio em 70%<\/strong><\/p>\n<p>Se o trabalhador e a empresa\u00a0acordarem na redu\u00e7\u00e3o de jornada e sal\u00e1rio em 70% \u2014 A empresa paga 30% do sal\u00e1rio e o governo os outros 70% calculado sobre o valor do seguro-desemprego.<\/p>\n<p><strong>Suspens\u00e3o tempor\u00e1ria do contrato de trabalho<\/strong><\/p>\n<p>Com rela\u00e7\u00e3o \u00e0 suspens\u00e3o do contrato de trabalho, o pagamento da compensa\u00e7\u00e3o do governo ser\u00e1 de 100% do seguro-desemprego ao qual o trabalhador teria direito se fosse demitido.<\/p>\n<p>A exce\u00e7\u00e3o, no entanto, diz respeito as empresas que tiverem receita bruta superior a R$ 4,8 milh\u00f5es. Para estes casos, a empresa somente poder\u00e1 suspender o contrato de trabalho mediante o pagamento de ajuda compensat\u00f3ria mensal no valor de 30% do sal\u00e1rio do empregado.<\/p>\n<h2 id=\"h-estabilidade\">Estabilidade<\/h2>\n<p data-fetch=\"true\">A Medida Provis\u00f3ria tamb\u00e9m determina uma \u201cgarantia provis\u00f3ria\u201d do emprego pelos meses em que a jornada e os sal\u00e1rios forem reduzidos ou o contrato suspenso e por igual per\u00edodo quando as atividades e pagamentos forem normalizados.<\/p>\n<p>No entanto, o empregador ainda pode ter o direito de demitir durante o per\u00edodo, por\u00e9m, caso a dispensa ocorra sem justa causa, a empresa estar\u00e1 obrigada ao pagamento de verbas rescis\u00f3rias e de indeniza\u00e7\u00e3o. Essa regra s\u00f3 n\u00e3o vale nos casos de dispensa por justa causa, ou caso o pr\u00f3prio empregado solicite a demiss\u00e3o.<\/p>\n<p>Confira o valor da indeniza\u00e7\u00e3o:<\/p>\n<ul>\n<li>50% do sal\u00e1rio a que o empregado teria direito no per\u00edodo de garantia provis\u00f3ria no emprego, na hip\u00f3tese de redu\u00e7\u00e3o de jornada de trabalho e de sal\u00e1rio igual ou superior a 25% e inferior a 50%;<\/li>\n<li>75% do sal\u00e1rio a que o empregado teria direito no per\u00edodo de garantia provis\u00f3ria no emprego, na hip\u00f3tese de redu\u00e7\u00e3o de jornada de trabalho e de sal\u00e1rio igual ou superior a 50% e inferior a 70%; ou<\/li>\n<li>100% do sal\u00e1rio a que o empregado teria direito no per\u00edodo de garantia provis\u00f3ria no emprego, nas hip\u00f3teses de redu\u00e7\u00e3o de jornada de trabalho e de sal\u00e1rio em percentual superior a 70% ou de suspens\u00e3o tempor\u00e1ria do contrato de trabalho.<\/li>\n<\/ul>\n<h2 id=\"h-como-funcionam-os-acordos\">Como funcionam os acordos<\/h2>\n<p>No caso dos trabalhadores com remunera\u00e7\u00e3o de at\u00e9 tr\u00eas sal\u00e1rios m\u00ednimos, o acordo ser\u00e1 por meio de acordo individual.<\/p>\n<p>No caso dos trabalhadores que recebem entre tr\u00eas sal\u00e1rios m\u00ednimos e dois tetos do INSS R$ 12.867,14), a redu\u00e7\u00e3o da jornada e sal\u00e1rio poder\u00e1 ocorrer por meio de acordo coletivo, tendo em vista que nessa faixa a compensa\u00e7\u00e3o da parcela do seguro-desemprego n\u00e3o compensa a redu\u00e7\u00e3o salarial.<\/p>\n<p>J\u00e1 nos casos onde o trabalhador ganhar mais que R$ 12.867,14 e possui n\u00edvel superior, a lei trabalhista atual, autoriza o acordo individual para a redu\u00e7\u00e3o de jornada e sal\u00e1rio. Por fim, no caso da redu\u00e7\u00e3o de 25% ser\u00e1 permitido que seja realizado acordo individual independente da faixa salarial.<\/p>\n<h2 id=\"h-mudan-as-trabalhistas\">Mudan\u00e7as trabalhistas<\/h2>\n<p>Segundo a Secretaria Geral, uma segunda Medida Provis\u00f3ria trar\u00e1 a flexibiliza\u00e7\u00e3o das regras trabalhistas. A MP recria diversas medidas por tempo limitado e que podem ser adotadas pelas empresas, veja:<\/p>\n<ul>\n<li>teletrabalho;<\/li>\n<li>antecipa\u00e7\u00e3o das f\u00e9rias;<\/li>\n<li>concess\u00e3o das f\u00e9rias coletivas;<\/li>\n<li>aproveitamento e antecipa\u00e7\u00e3o de feriados;<\/li>\n<li>banco de horas;<\/li>\n<li>suspens\u00e3o de exig\u00eancias administrativas em seguran\u00e7a e sa\u00fade no trabalho;<\/li>\n<li>suspens\u00e3o do recolhimento do FGTS.<\/li>\n<\/ul>\n<p data-fetch=\"true\">As medidas dessa Medida Provis\u00f3ria tamb\u00e9m ter\u00e3o efeito durante o prazo de dura\u00e7\u00e3o da norma, num total de 120 dias a partir da sua publica\u00e7\u00e3o.<\/p>\n<div class=\"pp-box-adunit pp-ad-loading pp-type-intext\">\n<div class=\"pp-adunit\">\n<div class=\"pp-ad\">\n<div id=\"P_JORNAL_CONTABIL_INTEXT_03_0\" data-premium=\"\" data-adunit=\"JORNAL_CONTABIL_INTEXT_03\" data-sizes-mobile=\"\" data-sizes-desktop=\"[[336,280],[300,250]]\" data-type=\"intext\" data-fetch=\"true\" data-google-query-id=\"CJ2VzYb5ofACFf8yuQYdwhUGkg\">\n<h2 id=\"h-veja-como-aderir\">Veja como aderir<\/h2>\n<p>As empresas que querem aderir ao programa devem fazer por meio do\u00a0<strong><a href=\"https:\/\/sd.maisemprego.mte.gov.br\/sdweb\/empregadorweb\/index.jsf\">Empregador Web<\/a><\/strong>:\u00a0<a href=\"https:\/\/sd.maisemprego.mte.gov.br\/sdweb\/empregadorweb\/index.jsf\">https:\/\/sd.maisemprego.mte.gov.br\/sdweb\/empregadorweb\/index.jsf<\/a>.<\/p>\n<p>Com a formaliza\u00e7\u00e3o do acordo e a comunica\u00e7\u00e3o ao governo, o valor do BEm ser\u00e1 depositado pelo governo diretamente na conta do trabalhador, nos mesmos moldes do seguro-desemprego.<\/p>\n<p>Logo, o trabalhador n\u00e3o precisar\u00e1 se deslocar ou fazer qualquer tipo de solicita\u00e7\u00e3o para ter direito de receber o benef\u00edcio emergencial. Al\u00e9m disso, o pagamento do BEm ser\u00e1 realizado 30 dias ap\u00f3s a celebra\u00e7\u00e3o do acordo.<\/p>\n<p>Por fim o governo tamb\u00e9m colocou no ar o site\u00a0<a href=\"https:\/\/servicos.mte.gov.br\/bem\" target=\"_blank\" rel=\"noreferrer noopener\">https:\/\/servicos.mte.gov.br\/bem<\/a>\/ que permite as empresas de acessarem os sistemas nos quais \u00e9 poss\u00edvel formalizar os acordos e tamb\u00e9m de comunicar as condi\u00e7\u00f5es ao Minist\u00e9rio da Economia.<\/p>\n<p>Fonte: <a href=\"https:\/\/www.jornalcontabil.com.br\/governo-lanca-bem-e-flexibilizacao-trabalhista-veja-como-aderir\/\" target=\"_blank\" rel=\"noopener noreferrer\">Jornal Cont\u00e1bil<\/a><\/p>\n<\/div>\n<\/div>\n<\/div>\n<\/div>\n<\/div>\n<p><a class=\"bt-post\" href=\"\/contato\"> PARA MAIS INFORMA\u00c7\u00d5ES ENTRE EM CONTATO CONOSCO<\/a><\/p>\n","protected":false},"excerpt":{"rendered":"<p>O Programa Emergencial de Manuten\u00e7\u00e3o do Emprego e da Renda, mais conhecido como BEm, \u00e9 lan\u00e7ado pelo governo federal, o BEm 2021 de fato vem nos mesmos moldes da Medida Provis\u00f3ria (MP) que vigorou por 8 meses no ano passado.<\/p>\n","protected":false},"author":2,"featured_media":6184,"comment_status":"open","ping_status":"closed","sticky":false,"template":"","format":"standard","meta":{"_joinchat":[],"footnotes":""},"categories":[2225,492,559,2301],"tags":[889,350,348,374,378,2299,342,2300,553,490,2220,525,928],"class_list":["post-6182","post","type-post","status-publish","format-standard","has-post-thumbnail","hentry","category-bem","category-mp","category-programa-emergencial","category-reducao-de-jornada-e-salario","tag-bem","tag-contrato-de-trabalho","tag-fgts","tag-governo","tag-governo-federal","tag-lexibilizacao-trabalhista","tag-mp","tag-mudancas-trabalhistas","tag-programa-emergencial","tag-programa-emergencial-de-manutencao-do-emprego-e-da-renda","tag-reducao-da-jornada-e-salario","tag-seguro-desemprego","tag-suspensao-temporaria-do-contrato-de-trabalho"],"jetpack_featured_media_url":"https:\/\/razaocontab.com\/wp-content\/uploads\/2021\/04\/mp-1045-saiba-agora-como-aderir-ao-bem-e-proteger-sua-empresa-e-funcionarios-desta-crise-1.jpg","_links":{"self":[{"href":"https:\/\/razaocontab.com\/index.php?rest_route=\/wp\/v2\/posts\/6182","targetHints":{"allow":["GET"]}}],"collection":[{"href":"https:\/\/razaocontab.com\/index.php?rest_route=\/wp\/v2\/posts"}],"about":[{"href":"https:\/\/razaocontab.com\/index.php?rest_route=\/wp\/v2\/types\/post"}],"author":[{"embeddable":true,"href":"https:\/\/razaocontab.com\/index.php?rest_route=\/wp\/v2\/users\/2"}],"replies":[{"embeddable":true,"href":"https:\/\/razaocontab.com\/index.php?rest_route=%2Fwp%2Fv2%2Fcomments&post=6182"}],"version-history":[{"count":1,"href":"https:\/\/razaocontab.com\/index.php?rest_route=\/wp\/v2\/posts\/6182\/revisions"}],"predecessor-version":[{"id":6183,"href":"https:\/\/razaocontab.com\/index.php?rest_route=\/wp\/v2\/posts\/6182\/revisions\/6183"}],"wp:featuredmedia":[{"embeddable":true,"href":"https:\/\/razaocontab.com\/index.php?rest_route=\/wp\/v2\/media\/6184"}],"wp:attachment":[{"href":"https:\/\/razaocontab.com\/index.php?rest_route=%2Fwp%2Fv2%2Fmedia&parent=6182"}],"wp:term":[{"taxonomy":"category","embeddable":true,"href":"https:\/\/razaocontab.com\/index.php?rest_route=%2Fwp%2Fv2%2Fcategories&post=6182"},{"taxonomy":"post_tag","embeddable":true,"href":"https:\/\/razaocontab.com\/index.php?rest_route=%2Fwp%2Fv2%2Ftags&post=6182"}],"curies":[{"name":"wp","href":"https:\/\/api.w.org\/{rel}","templated":true}]}}