{"id":6146,"date":"2021-04-15T07:00:30","date_gmt":"2021-04-15T10:00:30","guid":{"rendered":"http:\/\/razaocontab-com.umbler.net\/?p=6146"},"modified":"2021-04-14T18:33:28","modified_gmt":"2021-04-14T21:33:28","slug":"empresarios-que-aguardam-o-bem-terao-que-esperar-mais-alguns-dias-pela-decisao-confirao","status":"publish","type":"post","link":"https:\/\/razaocontab.com\/?p=6146","title":{"rendered":"Empres\u00e1rios que aguardam o BEm ter\u00e3o que esperar mais alguns dias pela decis\u00e3o. Confira!"},"content":{"rendered":"<h1 class=\"entry-title\">Redu\u00e7\u00e3o da jornada e sal\u00e1rio vai atrasar mais alguns dias<\/h1>\n<p>Paulo Guedes, ministro da Economia, apontou nesta ter\u00e7a-feira (13) que os empres\u00e1rios que est\u00e3o aguardando o Benef\u00edcio Emergencial de Preserva\u00e7\u00e3o do Emprego e da Renda, mais conhecido como (BEm) precisam esperar por mais alguns dias para que a medida que permite acordo entre empresa e funcion\u00e1rio para redu\u00e7\u00e3o de sal\u00e1rio e jornada proporcional possa ser liberada.<\/p>\n<p>Existem duas possibilidades que podem liberar o programa de redu\u00e7\u00e3o de jornada e sal\u00e1rio esse ano. Sendo a primeira o Projeto de Lei que altera a Lei de Diretrizes Or\u00e7ament\u00e1rias (LDO), e a PEC que carimba recursos fora do teto de gastos com a\u00e7\u00f5es contra a Covid-19, o governo aguarda apenas a libera\u00e7\u00e3o de uma ou outra para em fim libar o BEm.<\/p>\n<p>A situa\u00e7\u00e3o foi evidenciada durante reuni\u00e3o no Pal\u00e1cio do Planalto e contou com a presente do presidente Jair Bolsonaro e o presidente da Associa\u00e7\u00e3o de Bares e Restaurantes (Abrasel), Paulo Solmucci, onde Guedes foi convocado pelo presidente para que fosse poss\u00edvel dar um parecer sobre os motivos relativos \u00e0 demora na libera\u00e7\u00e3o do programa.<\/p>\n<h2 id=\"h-vota-o-das-medidas\">Vota\u00e7\u00e3o das medidas<\/h2>\n<p data-fetch=\"true\">O Projeto de Lei que altera a Lei de Diretrizes Or\u00e7ament\u00e1rias deve ser votada nesta quinta-feira (15). Com a aprova\u00e7\u00e3o da medida exig\u00eancia de uma compensa\u00e7\u00e3o para a cria\u00e7\u00e3o de despesas mesmo que tempor\u00e1rias ser\u00e3o flexibilizadas.<\/p>\n<p data-fetch=\"true\">Com rela\u00e7\u00e3o \u00e0 Proposta de Emenda \u00e0 Constitui\u00e7\u00e3o (PEC) ainda n\u00e3o se sabe ao certo quando a mesma vai para vota\u00e7\u00e3o, no entanto, a medida tenta liberar cerca de R$ 35 bilh\u00f5es fora do teto de gastos, onde R$ 18 bilh\u00f5es seriam destinados para obras. O restante ficaria divido da seguinte forma: R$ 10 bilh\u00f5es para a libera\u00e7\u00e3o do BEm; R$ 7 bilh\u00f5es para a libera\u00e7\u00e3o do Pronampe al\u00e9m de uma autoriza\u00e7\u00e3o para gastos com sa\u00fade relacionados ao combate da pandemia.<\/p>\n<h2 id=\"h-como-vai-funcionar-o-bem\">Como vai funcionar o BEm?<\/h2>\n<p>O Benef\u00edcio Emergencial de Manuten\u00e7\u00e3o do Emprego e da Renda (BEm) prev\u00ea o acordo entre empregados e empregadores para redu\u00e7\u00e3o de jornada de trabalho e sal\u00e1rio proporcionalmente. A suspens\u00e3o tempor\u00e1ria do contrato de trabalho tamb\u00e9m deve voltar.<\/p>\n<p>Os acordos entre empregados e empregadores podem variar entre 25%, 50% e 70%, veja a seguir como funciona:<\/p>\n<p><strong>Redu\u00e7\u00e3o de Jornada e Sal\u00e1rio em 25%<\/strong><\/p>\n<p>Caso o trabalhador e a empresa\u00a0acordarem na redu\u00e7\u00e3o de jornada e sal\u00e1rio em 25% \u2013 A empresa paga 75% do sal\u00e1rio e o governo os outros 25%.<\/p>\n<p><strong>Redu\u00e7\u00e3o de Jornada e Sal\u00e1rio em 50%<\/strong><\/p>\n<p data-fetch=\"true\">Se o trabalhador e a empresa\u00a0acordarem na redu\u00e7\u00e3o da jornada e sal\u00e1rio em 50% \u2013 A empresa paga 50% do sal\u00e1rio e o governo os outros 50%<\/p>\n<div class=\"td-module-meta-info\">\n<p><strong>Redu\u00e7\u00e3o de Jornada e Sal\u00e1rio em 70%<\/strong><\/p>\n<p>Se o trabalhador e a empresa\u00a0acordarem na redu\u00e7\u00e3o de jornada e sal\u00e1rio em 70% \u2013 A empresa paga 30% do sal\u00e1rio e o governo os outros 70%<\/p>\n<p><strong>Suspens\u00e3o tempor\u00e1ria do contrato de trabalho<\/strong><\/p>\n<p>Quando o empregado e empregador aceitam o acordo de suspens\u00e3o tempor\u00e1ria de contrato de trabalho, o pagamento dos sal\u00e1rios ao trabalhador ir\u00e1 variar de acordo com o faturamento da empresa.<\/p>\n<p>Fonte: <a href=\"https:\/\/www.jornalcontabil.com.br\/liberacao-da-reducao-de-jornada-e-salario-vai-atrasar-mais-alguns-dias\/\" target=\"_blank\" rel=\"noopener noreferrer\">Jornal Cont\u00e1bil<\/a><\/p>\n<\/div>\n<p><a class=\"bt-post\" href=\"\/contato\"> PARA MAIS INFORMA\u00c7\u00d5ES ENTRE EM CONTATO CONOSCO<\/a><\/p>\n","protected":false},"excerpt":{"rendered":"<p>Paulo Guedes, ministro da Economia, apontou nesta ter\u00e7a-feira (13) que os empres\u00e1rios que est\u00e3o aguardando o Benef\u00edcio Emergencial de Preserva\u00e7\u00e3o do Emprego e da Renda, mais conhecido como (BEm) precisam esperar por mais alguns dias para que a medida que permite acordo entre empresa e funcion\u00e1rio para redu\u00e7\u00e3o de sal\u00e1rio e jornada proporcional possa ser liberada.<\/p>\n","protected":false},"author":2,"featured_media":6148,"comment_status":"open","ping_status":"closed","sticky":false,"template":"","format":"standard","meta":{"_joinchat":[],"footnotes":""},"categories":[2225,2228,2226,2227],"tags":[889,491,1028,354,2222,329,1182,665,2224,1082,2221,2220,2223],"class_list":["post-6146","post","type-post","status-publish","format-standard","has-post-thumbnail","hentry","category-bem","category-ldo","category-reducao-da-jornada-e-salario","category-votacao-das-medidas","tag-bem","tag-beneficio-emergencial","tag-beneficio-emergencial-de-preservacao-do-emprego-e-da-renda","tag-covid-19","tag-lei-de-diretrizes-orcamentarias","tag-pandemia","tag-paulo-guedes","tag-pec","tag-projeto-de-lei","tag-pronampe","tag-reducao-da-jornada","tag-reducao-da-jornada-e-salario","tag-votacao-das-medidas"],"jetpack_featured_media_url":"https:\/\/razaocontab.com\/wp-content\/uploads\/2021\/04\/empresarios-que-aguardam-o-bem-terao-que-esperar-mais-alguns-dias-pela-decisao-confirao-1.jpg","_links":{"self":[{"href":"https:\/\/razaocontab.com\/index.php?rest_route=\/wp\/v2\/posts\/6146","targetHints":{"allow":["GET"]}}],"collection":[{"href":"https:\/\/razaocontab.com\/index.php?rest_route=\/wp\/v2\/posts"}],"about":[{"href":"https:\/\/razaocontab.com\/index.php?rest_route=\/wp\/v2\/types\/post"}],"author":[{"embeddable":true,"href":"https:\/\/razaocontab.com\/index.php?rest_route=\/wp\/v2\/users\/2"}],"replies":[{"embeddable":true,"href":"https:\/\/razaocontab.com\/index.php?rest_route=%2Fwp%2Fv2%2Fcomments&post=6146"}],"version-history":[{"count":1,"href":"https:\/\/razaocontab.com\/index.php?rest_route=\/wp\/v2\/posts\/6146\/revisions"}],"predecessor-version":[{"id":6147,"href":"https:\/\/razaocontab.com\/index.php?rest_route=\/wp\/v2\/posts\/6146\/revisions\/6147"}],"wp:featuredmedia":[{"embeddable":true,"href":"https:\/\/razaocontab.com\/index.php?rest_route=\/wp\/v2\/media\/6148"}],"wp:attachment":[{"href":"https:\/\/razaocontab.com\/index.php?rest_route=%2Fwp%2Fv2%2Fmedia&parent=6146"}],"wp:term":[{"taxonomy":"category","embeddable":true,"href":"https:\/\/razaocontab.com\/index.php?rest_route=%2Fwp%2Fv2%2Fcategories&post=6146"},{"taxonomy":"post_tag","embeddable":true,"href":"https:\/\/razaocontab.com\/index.php?rest_route=%2Fwp%2Fv2%2Ftags&post=6146"}],"curies":[{"name":"wp","href":"https:\/\/api.w.org\/{rel}","templated":true}]}}