{"id":5971,"date":"2020-10-27T07:00:36","date_gmt":"2020-10-27T10:00:36","guid":{"rendered":"http:\/\/razaocontab-com.umbler.net\/?p=5971"},"modified":"2020-10-26T21:37:06","modified_gmt":"2020-10-27T00:37:06","slug":"entenda-o-novo-esocial-simplificado-que-ira-subistituir-o-atual-a-partir-de-maio-2021","status":"publish","type":"post","link":"https:\/\/razaocontab.com\/?p=5971","title":{"rendered":"Entenda o Novo eSocial Simplificado que ir\u00e1 substituir o atual a partir de Maio\/2021"},"content":{"rendered":"<h2 class=\"entry-title\" style=\"text-align: center;\">Anunciado o Novo eSocial Simplificado que Substituir\u00e1 o Atual a Partir de\u00a0Maio\/2021<\/h2>\n<p class=\"has-text-align-justify\" data-adtags-visited=\"true\">Foram publicadas nesta sexta-feira (23) a\u00a0<a href=\"http:\/\/www.normaslegais.com.br\/legislacao\/portaria-seprt-rfb-76-2020.htm\">Portaria Conjunta RFB\/SEPRT n\u00ba\u00a076\/2020<\/a>\u00a0e\u00a0a\u00a0<a href=\"http:\/\/www.normaslegais.com.br\/legislacao\/portaria-conjunta-seprt-rfb-77-2020.htm\">Portaria Conjunta RFB\/SEPRT n\u00ba\u00a077\/2020<\/a>, quem criam um novo leiaute simplificado para a escritura\u00e7\u00e3o de\u00a0obriga\u00e7\u00f5es trabalhistas, previdenci\u00e1rias e fiscais que substituir\u00e1 o\u00a0eSocial\u00a0atual.<\/p>\n<p class=\"has-text-align-justify\" data-adtags-visited=\"true\">O desenvolvimento do\u00a0<strong>eSocial<\/strong>\u00a0Simplificado\u00a0estava previsto na\u00a0<a href=\"http:\/\/www.normaslegais.com.br\/legislacao\/lei-13874-2019.htm\">Lei 13.874\/2019<\/a>\u00a0e entrar\u00e1 em opera\u00e7\u00e3o a partir do ano que vem, dando prazo para as empresas se adaptarem \u00e0s mudan\u00e7as.<\/p>\n<p class=\"has-text-align-justify\" data-adtags-visited=\"true\">A cria\u00e7\u00e3o do novo sistema contou com a participa\u00e7\u00e3o de empresas e entidades representativas de diversas categorias profissionais envolvidas no trabalho de simplifica\u00e7\u00e3o da plataforma,\u00a0entre eles:<\/p>\n<ul>\n<li>As Confedera\u00e7\u00f5es patronais;<\/li>\n<li>O Conselho Federal de\u00a0Contabilidade\u00a0(CFC);<\/li>\n<li>A Associa\u00e7\u00e3o Brasileira das Empresas de Tecnologia da Informa\u00e7\u00e3o e Comunica\u00e7\u00e3o (Brasscom);<\/li>\n<li>O Sebrae; e<\/li>\n<li>A Federa\u00e7\u00e3o Nacional das Empresas de Servi\u00e7os Cont\u00e1beis e das Empresas de Assessoramento, Per\u00edcias, Informa\u00e7\u00f5es e Pesquisas (Fenacon).<\/li>\n<\/ul>\n<p data-adtags-visited=\"true\">O novo sistema segue as seguintes premissas:<\/p>\n<ul>\n<li>Foco na desburocratiza\u00e7\u00e3o: substitui\u00e7\u00e3o das\u00a0obriga\u00e7\u00f5es acess\u00f3rias;<\/li>\n<li>N\u00e3o solicita\u00e7\u00e3o de dados j\u00e1 conhecidos;<\/li>\n<li>Elimina\u00e7\u00e3o de pontos de complexidade;<\/li>\n<li>Moderniza\u00e7\u00e3o e simplifica\u00e7\u00e3o do sistema;<\/li>\n<li>Integridade e continuidade da informa\u00e7\u00e3o; e<\/li>\n<li>Respeito pelo investimento feito por empresas e profissionais.<\/li>\n<\/ul>\n<p data-adtags-visited=\"true\"><strong>O QUE MUDA:\u00a0<\/strong><\/p>\n<p data-adtags-visited=\"true\">O\u00a0eSocial\u00a0Simplificado traz as seguintes novidades para os usu\u00e1rios:<\/p>\n<ul>\n<li>Redu\u00e7\u00e3o do n\u00famero de eventos;<\/li>\n<li>Expressiva redu\u00e7\u00e3o do n\u00famero de campos do leiaute, inclusive pela exclus\u00e3o de informa\u00e7\u00f5es cadastrais ou constantes em outras bases de dados (ex.: FAP);<\/li>\n<li>Ampla flexibiliza\u00e7\u00e3o das regras de impedimento para o recebimento de informa\u00e7\u00f5es (ex.: altera\u00e7\u00e3o das regras de fechamento da\u00a0folha de pagamento\u00a0\u2013 pend\u00eancias geram alertas e n\u00e3o erros);<\/li>\n<li>Facilita\u00e7\u00e3o na presta\u00e7\u00e3o de informa\u00e7\u00f5es destinadas ao cumprimento de obriga\u00e7\u00f5es fiscais, previdenci\u00e1rias e dep\u00f3sitos de\u00a0FGTS;<\/li>\n<li>Utiliza\u00e7\u00e3o de CPF como identifica\u00e7\u00e3o \u00fanica do trabalhador (exclus\u00e3o dos campos onde era exigido o NIS);<\/li>\n<li>Simplifica\u00e7\u00e3o na forma de declara\u00e7\u00e3o de remunera\u00e7\u00f5es e pagamentos.<\/li>\n<\/ul>\n<p class=\"has-text-align-justify\" data-adtags-visited=\"true\">O\u00a0eSocial\u00a0Simplificado substituir\u00e1 diversas\u00a0obriga\u00e7\u00f5es acess\u00f3rias\u00a0hoje existentes, e sua integra\u00e7\u00e3o com outros sistemas permitir\u00e1 ampliar o ritmo de substitui\u00e7\u00f5es.<\/p>\n<p data-adtags-visited=\"true\"><strong>Obriga\u00e7\u00f5es j\u00e1 Substitu\u00eddas<\/strong><\/p>\n<p data-adtags-visited=\"true\">Dentre as obriga\u00e7\u00f5es j\u00e1 substitu\u00eddas, temos:<\/p>\n<ul>\n<li>CAGED;<\/li>\n<li>Anota\u00e7\u00e3o da Carteira de Trabalho (que passou a ser 100% digital para as empresas);<\/li>\n<li>Livro de Registro de Empregados; e<\/li>\n<li>RAIS para empresas que j\u00e1 prestam informa\u00e7\u00f5es de\u00a0folha de pagamento.<\/li>\n<\/ul>\n<p data-adtags-visited=\"true\"><strong>Obriga\u00e7\u00f5es que Ser\u00e3o Substitu\u00eddas em Breve<\/strong><\/p>\n<p data-adtags-visited=\"true\">Muitas outras ser\u00e3o substitu\u00eddas em breve, tais como:<\/p>\n<ul>\n<li>CAT (Comunica\u00e7\u00e3o de Acidente de Trabalho);<\/li>\n<li>CD \u2013 Comunica\u00e7\u00e3o de Dispensa;<\/li>\n<li>PPP\u00a0\u2013 Perfil Profissiogr\u00e1fico Previdenci\u00e1rio;<\/li>\n<li>DCTF\u00a0\u2013 Declara\u00e7\u00e3o de D\u00e9bitos e\u00a0cr\u00e9ditos tribut\u00e1rios\u00a0Federais;<\/li>\n<li>MANAD \u2013 Manual Normativo de Arquivos Digitais;<\/li>\n<li>Folha de pagamento;<\/li>\n<li>GRF \u2013 Guia de Recolhimento do\u00a0FGTS.<\/li>\n<\/ul>\n<p data-adtags-visited=\"true\"><strong>DOCUMENTA\u00c7\u00c3O T\u00c9CNICA<\/strong><\/p>\n<p class=\"has-text-align-justify\" data-adtags-visited=\"true\">Com o lan\u00e7amento do novo sistema de escritura\u00e7\u00e3o, foi disponibilizado para os desenvolvedores de software o\u00a0<a href=\"https:\/\/www.gov.br\/esocial\/pt-br\/documentacao-tecnica\/manuais\/leiautes-do-esocial-versao-s-1-0-rc-versao-pdf.zip\" target=\"_blank\" rel=\"noreferrer noopener\">novo leiaute do\u00a0eSocial\u00a0Simplificado vers\u00e3o S-1.0 RC (Release Candidate)<\/a>.<\/p>\n<p class=\"has-text-align-justify\" data-adtags-visited=\"true\">A vers\u00e3o final com ajustes e os esquemas XSD t\u00eam\u00a0<strong>previs\u00e3o de publica\u00e7\u00e3o no pr\u00f3ximo dia 10\/11<\/strong>\/2020.<\/p>\n<p data-adtags-visited=\"true\"><strong>CRONOGRAMA<\/strong><\/p>\n<p data-adtags-visited=\"true\">O calend\u00e1rio de obrigatoriedade foi atualizado:<\/p>\n<p class=\"has-text-align-justify\" data-adtags-visited=\"true\"><strong>05\/2021<\/strong>\u00a0\u2013 eventos de folha de pagamento do grupo 3 (optantes pelo\u00a0Simples Nacional, empregador pessoa f\u00edsica (exceto dom\u00e9stico), produtor rural PF e entidades sem fins lucrativos).<\/p>\n<p data-adtags-visited=\"true\"><strong>06\/2021<\/strong>\u00a0\u2013 eventos de Sa\u00fade e Seguran\u00e7a do Trabalhador do grupo 1 (grandes empresas).<\/p>\n<p class=\"has-text-align-justify\" data-adtags-visited=\"true\"><strong>07\/2021<\/strong>\u00a0\u2013 in\u00edcio do envio de informa\u00e7\u00f5es pelos \u00f3rg\u00e3os p\u00fablicos.<\/p>\n<p data-adtags-visited=\"true\">O calend\u00e1rio completo pode ser\u00a0<a href=\"http:\/\/www.guiatrabalhista.com.br\/tematicas\/Cronograma-esocial-grupo-de-empresas.htm\">acessado\u00a0aqui<\/a>.<\/p>\n<p data-adtags-visited=\"true\">Fonte: eSocial \u2013 23.10.2020 \u2013 Adaptado pelo\u00a0<a href=\"http:\/\/www.guiatrabalhista.com.br\/\">Guia Trabalhista<\/a>.<\/p>\n<div class=\"entry-meta small-part\"><\/div>\n","protected":false},"excerpt":{"rendered":"<p>Foram publicadas nesta sexta-feira (23) a Portaria Conjunta RFB\/SEPRT n\u00ba 76\/2020 e a Portaria Conjunta RFB\/SEPRT n\u00ba 77\/2020, quem criam um novo leiaute simplificado para a escritura\u00e7\u00e3o de obriga\u00e7\u00f5es trabalhistas, previdenci\u00e1rias e fiscais que substituir\u00e1 o eSocial atual.<\/p>\n","protected":false},"author":2,"featured_media":5973,"comment_status":"open","ping_status":"closed","sticky":false,"template":"","format":"standard","meta":{"_joinchat":[],"footnotes":""},"categories":[352,1545],"tags":[1859,749,1857,348,549,1822,1858,1856],"class_list":["post-5971","post","type-post","status-publish","format-standard","has-post-thumbnail","hentry","category-contabilidade-na-crise","category-esocial","tag-cfc","tag-esocial","tag-esocial-simplificado","tag-fgts","tag-folha-de-pagamento","tag-obrigacoes-acessorias","tag-obrigacoes-trabalhistas","tag-portaria-conjunta"],"jetpack_featured_media_url":"https:\/\/razaocontab.com\/wp-content\/uploads\/2020\/10\/CONTABILIDADE-BLOG-1.jpg","_links":{"self":[{"href":"https:\/\/razaocontab.com\/index.php?rest_route=\/wp\/v2\/posts\/5971","targetHints":{"allow":["GET"]}}],"collection":[{"href":"https:\/\/razaocontab.com\/index.php?rest_route=\/wp\/v2\/posts"}],"about":[{"href":"https:\/\/razaocontab.com\/index.php?rest_route=\/wp\/v2\/types\/post"}],"author":[{"embeddable":true,"href":"https:\/\/razaocontab.com\/index.php?rest_route=\/wp\/v2\/users\/2"}],"replies":[{"embeddable":true,"href":"https:\/\/razaocontab.com\/index.php?rest_route=%2Fwp%2Fv2%2Fcomments&post=5971"}],"version-history":[{"count":1,"href":"https:\/\/razaocontab.com\/index.php?rest_route=\/wp\/v2\/posts\/5971\/revisions"}],"predecessor-version":[{"id":5972,"href":"https:\/\/razaocontab.com\/index.php?rest_route=\/wp\/v2\/posts\/5971\/revisions\/5972"}],"wp:featuredmedia":[{"embeddable":true,"href":"https:\/\/razaocontab.com\/index.php?rest_route=\/wp\/v2\/media\/5973"}],"wp:attachment":[{"href":"https:\/\/razaocontab.com\/index.php?rest_route=%2Fwp%2Fv2%2Fmedia&parent=5971"}],"wp:term":[{"taxonomy":"category","embeddable":true,"href":"https:\/\/razaocontab.com\/index.php?rest_route=%2Fwp%2Fv2%2Fcategories&post=5971"},{"taxonomy":"post_tag","embeddable":true,"href":"https:\/\/razaocontab.com\/index.php?rest_route=%2Fwp%2Fv2%2Ftags&post=5971"}],"curies":[{"name":"wp","href":"https:\/\/api.w.org\/{rel}","templated":true}]}}