{"id":5795,"date":"2020-08-20T07:00:12","date_gmt":"2020-08-20T10:00:12","guid":{"rendered":"http:\/\/razaocontab-com.umbler.net\/?p=5795"},"modified":"2020-08-19T20:13:04","modified_gmt":"2020-08-19T23:13:04","slug":"me-s-e-epp-s-que-necessitam-do-credito-pronampe-terao-mais-3-meses-para-solicita-lo","status":"publish","type":"post","link":"https:\/\/razaocontab.com\/?p=5795","title":{"rendered":"ME\u2019s e EPP\u2019s que necessitam do cr\u00e9dito do Pronampe ter\u00e3o mais 3 meses para solicit\u00e1-lo"},"content":{"rendered":"<h2 style=\"text-align: center;\"><em>Governo prorroga Pronampe por tr\u00eas meses<\/em><\/h2>\n<h3 class=\"linhadeOlho\" style=\"text-align: center;\"><em>Antes da prorroga\u00e7\u00e3o, prazo para formaliza\u00e7\u00e3o das opera\u00e7\u00f5es de cr\u00e9dito no \u00e2mbito do Pronampe terminaria hoje.<\/em><\/h3>\n<div>\n<p>Foi publicado no Di\u00e1rio Oficial da Uni\u00e3o (DOU) desta quarta-feira (19), a prorroga\u00e7\u00e3o por mais tr\u00eas meses do prazo para oficializa\u00e7\u00e3o das opera\u00e7\u00f5es de cr\u00e9dito do Programa de Apoio \u00e0s Microempresas e Empresas de Pequeno Porte\u00a0(Pronampe)\u00a0.<\/p>\n<p>A previs\u00e3o do governo era que o prazo para aderir ao programa fosse encerrado hoje. A portaria de prorroga\u00e7\u00e3o do\u00a0Pronampe\u00a0foi assinada pelo Secret\u00e1rio Especial de Produtividade, Emprego e Competitividade, Carlos da Costa.<\/p>\n<p>Por meio do programa, o governo d\u00e1 garantia para os empr\u00e9stimos tomados por micro e pequenas empresas. Todas as institui\u00e7\u00f5es financeiras p\u00fablicas e privadas est\u00e3o aptas a operarem a linha de cr\u00e9dito.<\/p>\n<p>A linha de cr\u00e9dito \u00e9 destinada a microempresas com faturamento de at\u00e9 R$ 360 mil por ano e pequenas empresas com faturamento anual de de R$ 360 mil a R$ 4,8 milh\u00f5es.<\/p>\n<p>O programa foi criado pelo governo no in\u00edcio de abril por meio de medida provis\u00f3ria. Ap\u00f3s ser aprovado pelos congressistas, o texto foi sancionado pelo presidente Jair Bolsonaro em maio.<\/p>\n<h3><strong>Regras<\/strong><\/h3>\n<p>Al\u00e9m de estar em dia com a Receita, outras obriga\u00e7\u00f5es para a empresas est\u00e3o vinculadas \u00e0 ades\u00e3o ao cr\u00e9dito.<\/p>\n<p>Uma delas \u00e9 de que a empresa n\u00e3o poder\u00e1 demitir funcion\u00e1rios por at\u00e9 dois meses ap\u00f3s o pagamento da \u00faltima parcela do empr\u00e9stimo, que tem o prazo de 36 meses para ser quitado.<\/p>\n<p>Ou seja, se empresa obtiver o empr\u00e9stimo pelo prazo m\u00e1ximo de pagamento das parcelas, ela n\u00e3o poder\u00e1 demitir no prazo de 38 meses.<\/p>\n<p>Fonte: <a href=\"https:\/\/www.contabeis.com.br\/noticias\/44204\/governo-prorroga-pronampe-por-tres-meses\/\" target=\"_blank\" rel=\"noopener noreferrer\">Cont\u00e1beis<\/a><\/p>\n<\/div>\n<div class=\"data\"><\/div>\n","protected":false},"excerpt":{"rendered":"<p>Antes da prorroga\u00e7\u00e3o, prazo para formaliza\u00e7\u00e3o das opera\u00e7\u00f5es de cr\u00e9dito no \u00e2mbito do Pronampe terminaria hoje.<\/p>\n","protected":false},"author":2,"featured_media":5797,"comment_status":"open","ping_status":"closed","sticky":false,"template":"","format":"standard","meta":{"_joinchat":[],"footnotes":""},"categories":[352,687,1131],"tags":[635,341,374,1560,375,1561,1302,1082,462,1562],"class_list":["post-5795","post","type-post","status-publish","format-standard","has-post-thumbnail","hentry","category-contabilidade-na-crise","category-linha-de-credito","category-pronampe","tag-credito","tag-diario-oficial-da-uniao","tag-governo","tag-governo-prorroga-pronampe","tag-linha-de-credito","tag-operacoes-de-credito","tag-programa-de-apoio-as-microempresas-e-empresas-de-pequeno-porte","tag-pronampe","tag-receita","tag-regras"],"jetpack_featured_media_url":"https:\/\/razaocontab.com\/wp-content\/uploads\/2020\/08\/CONTABILIDADE-BLOG-1.jpg","_links":{"self":[{"href":"https:\/\/razaocontab.com\/index.php?rest_route=\/wp\/v2\/posts\/5795","targetHints":{"allow":["GET"]}}],"collection":[{"href":"https:\/\/razaocontab.com\/index.php?rest_route=\/wp\/v2\/posts"}],"about":[{"href":"https:\/\/razaocontab.com\/index.php?rest_route=\/wp\/v2\/types\/post"}],"author":[{"embeddable":true,"href":"https:\/\/razaocontab.com\/index.php?rest_route=\/wp\/v2\/users\/2"}],"replies":[{"embeddable":true,"href":"https:\/\/razaocontab.com\/index.php?rest_route=%2Fwp%2Fv2%2Fcomments&post=5795"}],"version-history":[{"count":1,"href":"https:\/\/razaocontab.com\/index.php?rest_route=\/wp\/v2\/posts\/5795\/revisions"}],"predecessor-version":[{"id":5796,"href":"https:\/\/razaocontab.com\/index.php?rest_route=\/wp\/v2\/posts\/5795\/revisions\/5796"}],"wp:featuredmedia":[{"embeddable":true,"href":"https:\/\/razaocontab.com\/index.php?rest_route=\/wp\/v2\/media\/5797"}],"wp:attachment":[{"href":"https:\/\/razaocontab.com\/index.php?rest_route=%2Fwp%2Fv2%2Fmedia&parent=5795"}],"wp:term":[{"taxonomy":"category","embeddable":true,"href":"https:\/\/razaocontab.com\/index.php?rest_route=%2Fwp%2Fv2%2Fcategories&post=5795"},{"taxonomy":"post_tag","embeddable":true,"href":"https:\/\/razaocontab.com\/index.php?rest_route=%2Fwp%2Fv2%2Ftags&post=5795"}],"curies":[{"name":"wp","href":"https:\/\/api.w.org\/{rel}","templated":true}]}}