{"id":5744,"date":"2020-07-31T07:00:31","date_gmt":"2020-07-31T10:00:31","guid":{"rendered":"http:\/\/razaocontab-com.umbler.net\/?p=5744"},"modified":"2020-07-30T22:33:07","modified_gmt":"2020-07-31T01:33:07","slug":"sem-a-confirmacao-de-covid-19-voce-sabe-como-ficam-as-faltas-dos-colaboradores-afastados","status":"publish","type":"post","link":"https:\/\/razaocontab.com\/?p=5744","title":{"rendered":"Sem a confirma\u00e7\u00e3o da Covid-19, voc\u00ea sabe como ficam as faltas dos colaboradores afastados?"},"content":{"rendered":"<h2 class=\"entry-title\" style=\"text-align: center;\"><em>Como Ficam as Faltas do Empregado Afastado que n\u00e3o Teve a Confirma\u00e7\u00e3o da\u00a0Covid-19<\/em><\/h2>\n<p>A Organiza\u00e7\u00e3o Mundial da Sa\u00fade recomenda que as pessoas que apresentavam sintomas da Covid-19, fiquem de 7 a 14 dias em quarentena, muito embora este prazo pode variar de 10 dias (no m\u00ednimo) a 14 dias (no m\u00e1ximo).<\/p>\n<p>Isto porque, de modo geral, considera-se que ap\u00f3s 14 dias do in\u00edcio dos sintomas, os pacientes j\u00e1 n\u00e3o transmitem mais a doen\u00e7a, desde que estejam h\u00e1 pelo menos 3 dias sem febre (mesmo sem tomar medicamento contra febre) e tenham tido melhora significativa dos sintomas respirat\u00f3rios.<\/p>\n<p>Garantindo este prazo de quarentena, o risco de transmiss\u00e3o ap\u00f3s esse per\u00edodo \u00e9 praticamente zero, segundo o que as pesquisas apontam at\u00e9 o momento.<\/p>\n<p>Considerando esta situa\u00e7\u00e3o, o empregado que apresenta sintomas da Covid-19 deve ser encaminhado, de imediato pelo empregador, a procurar as autoridades de sa\u00fade e seguir o protocolo exigido para tais circunst\u00e2ncias.<\/p>\n<p>Sob o aspecto de prote\u00e7\u00e3o no ambiente de trabalho, de acordo com a Lei 13.979\/2020, poder\u00e3o ser adotadas, entre outras, as seguintes medidas:<\/p>\n<p>a) isolamento;<\/p>\n<p>b) quarentena;<\/p>\n<p>c) determina\u00e7\u00e3o de realiza\u00e7\u00e3o compuls\u00f3ria de:<\/p>\n<ul>\n<li>exames m\u00e9dicos;<\/li>\n<li>testes laboratoriais;<\/li>\n<li>coleta de amostras cl\u00ednicas;<\/li>\n<li>vacina\u00e7\u00e3o e outras medidas profil\u00e1ticas; ou<\/li>\n<li>tratamentos m\u00e9dicos espec\u00edficos<\/li>\n<\/ul>\n<p>Se houver indica\u00e7\u00e3o para afastamento do trabalho para o empregado com suspeita da Covid-19, cabe ao empregado requerer o\u00a0atestado m\u00e9dico\u00a0que indica tal procedimento, de modo a comprovar posteriormente, junto \u00e0 empresa, sua aus\u00eancia ao trabalho.<\/p>\n<p>Se o atestado indicar a quarentena por 14 dias, cabe ao empregador remunerar o empregado durante este per\u00edodo, conforme disp\u00f5e o art. 60, \u00a7 3\u00ba da Lei 8.213\/1991.<\/p>\n<p><strong>Covid-19 n\u00e3o Confirmada Antes dos 14 Dias<\/strong><\/p>\n<p>Caso o empregado tenha se submetido ao exame, cujo resultado (negativo) tenha sido informado no 8\u00ba dia de afastamento, por exemplo, o empregado ter\u00e1 suas faltas justificadas do 1\u00ba ao 8\u00ba dia (enquanto aguardava o resultado do exame), devendo retornar ao trabalho no dia imediatamente posterior ao resultado.<\/p>\n<p>Isto porque o per\u00edodo de quarentena \u00e9 dependente do resultado do exame, ou seja,\u00a0<strong>ele s\u00f3 deve ser completado se o empregado for diagnosticado positivo<\/strong>, condi\u00e7\u00e3o que exigir\u00e1 seu afastamento do trabalho durante este per\u00edodo, de forma a n\u00e3o contaminar outros empregados.<\/p>\n<p>Se o resultado negativo \u00e9 obtido antes dos 14 dias, a perman\u00eancia em quarentena n\u00e3o mais se subsiste,\u00a0<strong>raz\u00e3o pela qual o empregado deve se apresentar ao trabalho no dia imediatamente posterior ao resultado<\/strong>.<\/p>\n<p>Se o empregado faltar ao trabalho ap\u00f3s o resultado negativo, poder\u00e1 o empregador descontar os dias n\u00e3o trabalhados (entre o resultado e o prazo de 14 dias) em\u00a0folha de pagamento, ou lan\u00e7ar estas horas como negativas em\u00a0banco de horas\u00a0(se houver acordo individual ou coletivo).<\/p>\n<p><strong>Nota<\/strong>: Nos termos do art. 3\u00ba, \u00a7 3\u00ba da\u00a0<a href=\"http:\/\/www.normaslegais.com.br\/legislacao\/lei13979_2020.htm\">Lei 13.979\/2020<\/a>, ser\u00e1 considerado falta justificada ao servi\u00e7o p\u00fablico ou \u00e0 atividade laboral privada, independente de atestado de afastamento, o per\u00edodo de\u00a0<strong>aus\u00eancia decorrente da quarentena aplicada ao empregado que tenha sido infectado pelo Coronav\u00edrus<\/strong>.<\/p>\n<p>Fonte: <a href=\"https:\/\/trabalhista.blog\/2020\/07\/30\/como-ficam-as-faltas-do-empregado-afastado-que-nao-teve-a-confirmacao-da-covid-19\/\" target=\"_blank\" rel=\"noopener noreferrer\">Guia Trabalhista<\/a><\/p>\n<div class=\"entry-meta small-part\"><\/div>\n","protected":false},"excerpt":{"rendered":"<p>A Organiza\u00e7\u00e3o Mundial da Sa\u00fade recomenda que as pessoas que apresentavam sintomas da Covid-19, fiquem de 7 a 14 dias em quarentena, muito embora este prazo pode variar de 10 dias (no m\u00ednimo) a 14 dias (no m\u00e1ximo).<\/p>\n","protected":false},"author":2,"featured_media":5746,"comment_status":"open","ping_status":"closed","sticky":false,"template":"","format":"standard","meta":{"_joinchat":[],"footnotes":""},"categories":[352,334,1467,1466],"tags":[1461,354,1464,1396,1465,722,1460,1463,1462],"class_list":["post-5744","post","type-post","status-publish","format-standard","has-post-thumbnail","hentry","category-contabilidade-na-crise","category-coronavirus","category-direitos-trabalhistas","category-empregado-afastado","tag-coleta-de-amostras-clinicas","tag-covid-19","tag-empregado-afastado","tag-exames-medicos","tag-nao-confirmacao-de-covid-19","tag-organizacao-mundial-da-saude","tag-testes-laboratoriais","tag-tratamentos-medicos-especificos","tag-vacinacao-e-outras-medidas-profilaticas"],"jetpack_featured_media_url":"https:\/\/razaocontab.com\/wp-content\/uploads\/2020\/07\/sem-a-confirmacao-de-covid-19-voce-sabe-como-ficam-as-faltas-dos-colaboradores-afastados.jpg","_links":{"self":[{"href":"https:\/\/razaocontab.com\/index.php?rest_route=\/wp\/v2\/posts\/5744","targetHints":{"allow":["GET"]}}],"collection":[{"href":"https:\/\/razaocontab.com\/index.php?rest_route=\/wp\/v2\/posts"}],"about":[{"href":"https:\/\/razaocontab.com\/index.php?rest_route=\/wp\/v2\/types\/post"}],"author":[{"embeddable":true,"href":"https:\/\/razaocontab.com\/index.php?rest_route=\/wp\/v2\/users\/2"}],"replies":[{"embeddable":true,"href":"https:\/\/razaocontab.com\/index.php?rest_route=%2Fwp%2Fv2%2Fcomments&post=5744"}],"version-history":[{"count":1,"href":"https:\/\/razaocontab.com\/index.php?rest_route=\/wp\/v2\/posts\/5744\/revisions"}],"predecessor-version":[{"id":5745,"href":"https:\/\/razaocontab.com\/index.php?rest_route=\/wp\/v2\/posts\/5744\/revisions\/5745"}],"wp:featuredmedia":[{"embeddable":true,"href":"https:\/\/razaocontab.com\/index.php?rest_route=\/wp\/v2\/media\/5746"}],"wp:attachment":[{"href":"https:\/\/razaocontab.com\/index.php?rest_route=%2Fwp%2Fv2%2Fmedia&parent=5744"}],"wp:term":[{"taxonomy":"category","embeddable":true,"href":"https:\/\/razaocontab.com\/index.php?rest_route=%2Fwp%2Fv2%2Fcategories&post=5744"},{"taxonomy":"post_tag","embeddable":true,"href":"https:\/\/razaocontab.com\/index.php?rest_route=%2Fwp%2Fv2%2Ftags&post=5744"}],"curies":[{"name":"wp","href":"https:\/\/api.w.org\/{rel}","templated":true}]}}