{"id":5564,"date":"2020-06-08T10:39:09","date_gmt":"2020-06-08T13:39:09","guid":{"rendered":"http:\/\/razaocontab-com.umbler.net\/?p=5564"},"modified":"2020-06-08T10:42:41","modified_gmt":"2020-06-08T13:42:41","slug":"pronampe-conte-com-ate-oito-meses-de-carencia","status":"publish","type":"post","link":"https:\/\/razaocontab.com\/?p=5564","title":{"rendered":"Procurando uma alternativa para vencer a crise? Com o empr\u00e9stimo do Pronampe, voc\u00ea ter\u00e1 at\u00e9 8 meses de car\u00eancia!"},"content":{"rendered":"<h2 class=\"linhadeOlho\"><em>Micro e Pequenas empresas que optarem pelo empr\u00e9stimo do Pronampe, v\u00e3o poder contar com at\u00e9 oito meses de car\u00eancia.<\/em><\/h2>\n<div class=\"data\">\n<h3 class=\"data\"><em>O Governo Federal fez mais um ajuste no Pronampe, o Programa Nacional de Apoio \u00e0s Microempresa e Empresas de Pequeno Porte durante a crise de\u00a0coronav\u00edrus.\u00a0A partir de agora, empresas poder\u00e3o contar com empr\u00e9stimos com car\u00eancia de at\u00e9 oito meses.<\/em><\/h3>\n<div class=\"data\">\n<p>Essa possibilidade de amplia\u00e7\u00e3o de car\u00eancia estava no projeto original do Pronampe, que foi apresentado pelo Congresso. Por\u00e9m, foi vetada por Bolsonaro. Ao sancionar a lei do Pronampe, no m\u00eas passado, o presidente alegou que a car\u00eancia &#8220;contraria interesse p\u00fablico e gera risco \u00e0 pr\u00f3pria pol\u00edtica p\u00fablica, ante a incapacidade dos bancos p\u00fablicos executarem o programa com as condi\u00e7\u00f5es apresentadas pelo projeto, as quais poder\u00e3o ser determinadas por regulamento&#8221;.<\/p>\n<p>Agora, contudo, o governo decidiu voltar atr\u00e1s sobre o assunto e autorizou os bancos a ofertarem uma car\u00eancia de at\u00e9 oito meses de pagamento para as micro e pequenas empresas que tomarem cr\u00e9dito atrav\u00e9s do Pronampe. A car\u00eancia foi retomada na regulamenta\u00e7\u00e3o do Pronampe, que foi aprovada em uma reuni\u00e3o do Fundo Garantidor de Opera\u00e7\u00f5es (FGO) realizada nessa quarta-feira,0 .<\/p>\n<h3><strong>Car\u00eancia Pronampe<\/strong><\/h3>\n<p>Uma fonte da equipe econ\u00f4mica explicou que a car\u00eancia foi considerada invi\u00e1vel anteriormente porque o texto do Congresso n\u00e3o previa a cobran\u00e7a de\u00a0juros\u00a0durante esse per\u00edodo.<\/p>\n<p>Depois que os pequenos empres\u00e1rios reclamaram do veto, contudo, o governo viu que os bancos estariam dispostos a oferecer a car\u00eancia desde que pudessem cobrar\u00a0juros\u00a0nesses oito meses. E, como o Pronampe vai operar com uma taxa de\u00a0juros\u00a0baixa, o setor produtivo n\u00e3o viu um problema nesta condi\u00e7\u00e3o. Por isso, a car\u00eancia voltou ao regulamento do Pronampe.<\/p>\n<p>O regulamento aprovado nessa quarta-feira pelo conselho do governo no FGO diz, ent\u00e3o, que o Pronampe ter\u00e1 um prazo de at\u00e9 36 meses para o pagamento, inclu\u00eddo o per\u00edodo de car\u00eancia de at\u00e9 8 meses, com capitaliza\u00e7\u00e3o de\u00a0juros.<\/p>\n<h3><strong>Juros<\/strong><\/h3>\n<p>O documento, ao qual o Correio teve acesso, ainda confirma que os\u00a0juros\u00a0m\u00e1ximos dessa opera\u00e7\u00e3o devem ser equivalente \u00e0 taxa b\u00e1sica de\u00a0juros\u00a0(Selic)\u00a0acrescida de 1,25%. Como hoje a\u00a0Selic\u00a0est\u00e1 em 3% ao ano, a taxa ser\u00e1, portanto, de 4,25% anuais.<\/p>\n<blockquote><p>&#8220;A medida atende ao setor produtivo e tamb\u00e9m ao setor financeiro. Foi s\u00f3 uma quest\u00e3o de ajuste&#8221;, confirmou a sub-secret\u00e1ria de Desenvolvimento das Micro e Pequenas Empresas do Minist\u00e9rio da Economia, Antonia Tallarida.<\/p><\/blockquote>\n<h3><strong>Opera\u00e7\u00f5es<\/strong><\/h3>\n<p>Ainda n\u00e3o est\u00e1 claro, contudo, quando esses empr\u00e9stimos estar\u00e3o dispon\u00edveis nos bancos. Segundo Antonia Tallarida, a aprova\u00e7\u00e3o do regulamento do Pronampe no FGO praticamente encerra a fase de regulamenta\u00e7\u00e3o do programa no governo.<\/p>\n<p>Agora, o Executivo s\u00f3 precisa enviar para os empreendedores a declara\u00e7\u00e3o da Receita Federal que vai informar quanto eles faturaram em 2019 e quanto eles poder\u00e3o tomar de cr\u00e9dito neste ano. E a expectativa \u00e9 que essas comunica\u00e7\u00f5es comecem a ser feitas j\u00e1 no in\u00edcio da pr\u00f3xima semana. Depois disso, caber\u00e1 aos bancos, portanto, incluir o Pronampe nas suas prateleiras para come\u00e7ar a atender as micro e pequenas empresas.<\/p>\n<blockquote><p>&#8220;O regulamento est\u00e1 pronto e a Receita vai come\u00e7ar a enviar essas correspond\u00eancias na pr\u00f3xima semana. Ent\u00e3o, agora, \u00e9 a fase de os bancos avaliarem o produto com as suas diretorias e colocarem a linha para rodar. [&#8230;] J\u00e1 est\u00e1 com os bancos a quest\u00e3o de estruturar e aprovar a linha. O governo est\u00e1 dispon\u00edvel para dar o suporte e esclarecer o que for necess\u00e1rio&#8221;, afirmou Tallarida.<\/p><\/blockquote>\n<p>Fonte: <a href=\"https:\/\/www.contabeis.com.br\/noticias\/43284\/pronampe-empresas-terao-ate-oito-meses-de-carencia\/\" target=\"_blank\" rel=\"noopener noreferrer\">Cont\u00e1beis<\/a><\/p>\n<\/div>\n<\/div>\n","protected":false},"excerpt":{"rendered":"<p>Micro e Pequenas empresas que optarem pelo empr\u00e9stimo do Pronampe, v\u00e3o poder contar com at\u00e9 oito meses de car\u00eancia.<\/p>\n","protected":false},"author":4,"featured_media":5566,"comment_status":"closed","ping_status":"closed","sticky":false,"template":"","format":"standard","meta":{"_joinchat":[],"footnotes":""},"categories":[352,334,1131],"tags":[1125,1126,357,328,635,527,1127,125,685,51,482,1123,1129,426,1124,1130,1082,313,938,1128],"class_list":["post-5564","post","type-post","status-publish","format-standard","has-post-thumbnail","hentry","category-contabilidade-na-crise","category-coronavirus","category-pronampe","tag-carencia-pronampe","tag-cobranca-de-juros","tag-congresso","tag-coronavirus","tag-credito","tag-crise","tag-equipe-economica","tag-gestao-empresarial","tag-juros","tag-microempresas","tag-ministerio-da-economia","tag-oito-meses-de-carencia","tag-operacoes","tag-pequenas-empresas","tag-programa-nacional-de-apoio-as-microempresa-e-empresas-de-pequeno-porte","tag-programas-do-governo","tag-pronampe","tag-receita-federal","tag-selic","tag-setor-produtivo"],"jetpack_featured_media_url":"https:\/\/razaocontab.com\/wp-content\/uploads\/2020\/06\/pronampe-conte-com-ate-oito-meses-de-carencia.jpg","_links":{"self":[{"href":"https:\/\/razaocontab.com\/index.php?rest_route=\/wp\/v2\/posts\/5564","targetHints":{"allow":["GET"]}}],"collection":[{"href":"https:\/\/razaocontab.com\/index.php?rest_route=\/wp\/v2\/posts"}],"about":[{"href":"https:\/\/razaocontab.com\/index.php?rest_route=\/wp\/v2\/types\/post"}],"author":[{"embeddable":true,"href":"https:\/\/razaocontab.com\/index.php?rest_route=\/wp\/v2\/users\/4"}],"replies":[{"embeddable":true,"href":"https:\/\/razaocontab.com\/index.php?rest_route=%2Fwp%2Fv2%2Fcomments&post=5564"}],"version-history":[{"count":1,"href":"https:\/\/razaocontab.com\/index.php?rest_route=\/wp\/v2\/posts\/5564\/revisions"}],"predecessor-version":[{"id":5565,"href":"https:\/\/razaocontab.com\/index.php?rest_route=\/wp\/v2\/posts\/5564\/revisions\/5565"}],"wp:featuredmedia":[{"embeddable":true,"href":"https:\/\/razaocontab.com\/index.php?rest_route=\/wp\/v2\/media\/5566"}],"wp:attachment":[{"href":"https:\/\/razaocontab.com\/index.php?rest_route=%2Fwp%2Fv2%2Fmedia&parent=5564"}],"wp:term":[{"taxonomy":"category","embeddable":true,"href":"https:\/\/razaocontab.com\/index.php?rest_route=%2Fwp%2Fv2%2Fcategories&post=5564"},{"taxonomy":"post_tag","embeddable":true,"href":"https:\/\/razaocontab.com\/index.php?rest_route=%2Fwp%2Fv2%2Ftags&post=5564"}],"curies":[{"name":"wp","href":"https:\/\/api.w.org\/{rel}","templated":true}]}}