{"id":5533,"date":"2020-05-30T20:33:23","date_gmt":"2020-05-30T23:33:23","guid":{"rendered":"http:\/\/razaocontab-com.umbler.net\/?p=5533"},"modified":"2020-05-30T20:37:50","modified_gmt":"2020-05-30T23:37:50","slug":"emprestimo-de-ate-r-100-mil-para-profissional-liberal-e-um-dos-destaques-das-votacoes-do-senado-na-semana","status":"publish","type":"post","link":"https:\/\/razaocontab.com\/?p=5533","title":{"rendered":"Empr\u00e9stimo de at\u00e9 R$ 100 mil para profissional liberal \u00e9 um dos destaques das vota\u00e7\u00f5es do Senado na semana"},"content":{"rendered":"<p><iframe title=\"Veja o que foi aprovado pelo Senado nesta semana\" width=\"1200\" height=\"675\" src=\"https:\/\/www.youtube.com\/embed\/-3iyiBfGRBA?feature=oembed\" frameborder=\"0\" allow=\"accelerometer; autoplay; clipboard-write; encrypted-media; gyroscope; picture-in-picture; web-share\" referrerpolicy=\"strict-origin-when-cross-origin\" allowfullscreen><\/iframe><\/p>\n<p>O Plen\u00e1rio do Senado aprovou o projeto\u00a0que libera empr\u00e9stimos de at\u00e9 R$ 100 mil a juros baixos para profissionais liberais. Objetivo do\u00a0\u00a0<strong><a class=\"external-link\" title=\"\" href=\"https:\/\/www25.senado.leg.br\/web\/atividade\/materias\/-\/materia\/141840\" target=\"_self\" rel=\"noopener noreferrer\">PL 2.424\/2020<\/a><\/strong>\u00a0\u00e9 minimizar preju\u00edzos com a pandemia da covid-19. Senadores tamb\u00e9m aprovaram a medida provis\u00f3ria que fixou o sal\u00e1rio m\u00ednimo em R$ 1.045 <strong>(<a class=\"external-link\" title=\"\" href=\"https:\/\/www.congressonacional.leg.br\/materias\/medidas-provisorias\/-\/mpv\/140423\" target=\"_self\" rel=\"noopener noreferrer\">MP 919\/2020<\/a><\/strong>). O novo valor j\u00e1 est\u00e1 valendo desde fevereiro, mas precisava ser confirmado pelo Congresso.<\/p>\n<p>Fonte: <a href=\"https:\/\/www12.senado.leg.br\/noticias\/videos\/2020\/05\/emprestimo-de-ate-r-100-mil-para-profissional-liberal-e-um-dos-destaques-das-votacoes-do-senado-na-semana\" target=\"_blank\" rel=\"noopener noreferrer\">Ag\u00eancia Senado<\/a><\/p>\n","protected":false},"excerpt":{"rendered":"<p>O Plen\u00e1rio do Senado aprovou o projeto\u00a0que libera empr\u00e9stimos de at\u00e9 R$ 100 mil a juros baixos para profissionais liberais.<\/p>\n","protected":false},"author":4,"featured_media":5536,"comment_status":"closed","ping_status":"closed","sticky":false,"template":"","format":"standard","meta":{"_joinchat":[],"footnotes":""},"categories":[352,334,492,1074],"tags":[357,354,886,825,1072,1073,1071],"class_list":["post-5533","post","type-post","status-publish","format-standard","has-post-thumbnail","hentry","category-contabilidade-na-crise","category-coronavirus","category-mp","category-plenario-do-senado","tag-congresso","tag-covid-19","tag-emprestimo","tag-emprestimos","tag-mp-919","tag-pl","tag-plenario-do-senado"],"jetpack_featured_media_url":"https:\/\/razaocontab.com\/wp-content\/uploads\/2020\/05\/emprestimo-de-ate-r-100-mil-para-profissional-liberal-800x500-1.jpg","_links":{"self":[{"href":"https:\/\/razaocontab.com\/index.php?rest_route=\/wp\/v2\/posts\/5533","targetHints":{"allow":["GET"]}}],"collection":[{"href":"https:\/\/razaocontab.com\/index.php?rest_route=\/wp\/v2\/posts"}],"about":[{"href":"https:\/\/razaocontab.com\/index.php?rest_route=\/wp\/v2\/types\/post"}],"author":[{"embeddable":true,"href":"https:\/\/razaocontab.com\/index.php?rest_route=\/wp\/v2\/users\/4"}],"replies":[{"embeddable":true,"href":"https:\/\/razaocontab.com\/index.php?rest_route=%2Fwp%2Fv2%2Fcomments&post=5533"}],"version-history":[{"count":1,"href":"https:\/\/razaocontab.com\/index.php?rest_route=\/wp\/v2\/posts\/5533\/revisions"}],"predecessor-version":[{"id":5534,"href":"https:\/\/razaocontab.com\/index.php?rest_route=\/wp\/v2\/posts\/5533\/revisions\/5534"}],"wp:featuredmedia":[{"embeddable":true,"href":"https:\/\/razaocontab.com\/index.php?rest_route=\/wp\/v2\/media\/5536"}],"wp:attachment":[{"href":"https:\/\/razaocontab.com\/index.php?rest_route=%2Fwp%2Fv2%2Fmedia&parent=5533"}],"wp:term":[{"taxonomy":"category","embeddable":true,"href":"https:\/\/razaocontab.com\/index.php?rest_route=%2Fwp%2Fv2%2Fcategories&post=5533"},{"taxonomy":"post_tag","embeddable":true,"href":"https:\/\/razaocontab.com\/index.php?rest_route=%2Fwp%2Fv2%2Ftags&post=5533"}],"curies":[{"name":"wp","href":"https:\/\/api.w.org\/{rel}","templated":true}]}}