{"id":5530,"date":"2020-05-29T07:05:10","date_gmt":"2020-05-29T10:05:10","guid":{"rendered":"http:\/\/razaocontab-com.umbler.net\/?p=5530"},"modified":"2020-05-28T18:54:54","modified_gmt":"2020-05-28T21:54:54","slug":"medida-que-permite-suspensao-de-contrato-de-trabalho-e-prorrogada","status":"publish","type":"post","link":"https:\/\/razaocontab.com\/?p=5530","title":{"rendered":"Medida que permite suspens\u00e3o de contrato de trabalho \u00e9 prorrogada"},"content":{"rendered":"<p>O Presidente do Congresso Nacional, senador Davi Alcolumbre (DEM-AP), prorrogou por 60 dias a validade da Medida Provis\u00f3ria 936, que permite a redu\u00e7\u00e3o de jornada dos trabalhadores com redu\u00e7\u00e3o proporcional do sal\u00e1rio e a suspens\u00e3o total do contrato de trabalho durante a pandemia do coronav\u00edrus.<\/p>\n<p>O ato foi publicado hoje no Di\u00e1rio Oficial da Uni\u00e3o. A MP foi publicada em 1\u00ba de abril e perderia a validade no fim do m\u00eas, caso n\u00e3o fosse prorrogada.<\/p>\n<p>N\u00e3o h\u00e1 possibilidade de nova prorroga\u00e7\u00e3o, e o Congresso precisa aprovar a medida para que ela se torne lei.<\/p>\n<p>Ontem, o Presidente da C\u00e2mara dos Deputados, Rodrigo Maia (DEM-RJ), afirmou que pretende colocar a MP em vota\u00e7\u00e3o na Casa ainda nessa semana. A MP 936 permite que empresas fa\u00e7am acordo direto com o empregado para diminuir a jornada e o sal\u00e1rio ou suspender o contrato de trabalho por tempo determinado.<\/p>\n<p>Para compensar os trabalhadores atingidos, o governo paga uma parcela ou o valor integral do seguro-desemprego.<\/p>\n<p>Fonte: <a href=\"https:\/\/www.jornalcontabil.com.br\/medida-que-permite-suspensao-de-contrato-de-trabalho-e-prorrogada\/\" target=\"_blank\" rel=\"noopener noreferrer\">Jornal Cont\u00e1bil<\/a><\/p>\n","protected":false},"excerpt":{"rendered":"<p>O Presidente do Congresso Nacional, senador Davi Alcolumbre (DEM-AP), prorrogou por 60 dias a validade da Medida Provis\u00f3ria 936, que permite a redu\u00e7\u00e3o de jornada dos trabalhadores com redu\u00e7\u00e3o proporcional do sal\u00e1rio e a suspens\u00e3o total do contrato de trabalho durante a pandemia do coronav\u00edrus.<\/p>\n","protected":false},"author":4,"featured_media":5532,"comment_status":"closed","ping_status":"closed","sticky":false,"template":"","format":"standard","meta":{"_joinchat":[],"footnotes":""},"categories":[352,492,508,1070],"tags":[341,470,504,1068,1069,525],"class_list":["post-5530","post","type-post","status-publish","format-standard","has-post-thumbnail","hentry","category-contabilidade-na-crise","category-mp","category-mp-936","category-suspensao-de-contrato-de-trabalho","tag-diario-oficial-da-uniao","tag-medida-provisoria","tag-mp936","tag-presidente-da-camara-dos-deputados","tag-presidente-do-congresso-nacional","tag-seguro-desemprego"],"jetpack_featured_media_url":"https:\/\/razaocontab.com\/wp-content\/uploads\/2020\/05\/MEDIDA-QUE-PERMITE-SUSPENSAO-POST.jpg","_links":{"self":[{"href":"https:\/\/razaocontab.com\/index.php?rest_route=\/wp\/v2\/posts\/5530","targetHints":{"allow":["GET"]}}],"collection":[{"href":"https:\/\/razaocontab.com\/index.php?rest_route=\/wp\/v2\/posts"}],"about":[{"href":"https:\/\/razaocontab.com\/index.php?rest_route=\/wp\/v2\/types\/post"}],"author":[{"embeddable":true,"href":"https:\/\/razaocontab.com\/index.php?rest_route=\/wp\/v2\/users\/4"}],"replies":[{"embeddable":true,"href":"https:\/\/razaocontab.com\/index.php?rest_route=%2Fwp%2Fv2%2Fcomments&post=5530"}],"version-history":[{"count":1,"href":"https:\/\/razaocontab.com\/index.php?rest_route=\/wp\/v2\/posts\/5530\/revisions"}],"predecessor-version":[{"id":5531,"href":"https:\/\/razaocontab.com\/index.php?rest_route=\/wp\/v2\/posts\/5530\/revisions\/5531"}],"wp:featuredmedia":[{"embeddable":true,"href":"https:\/\/razaocontab.com\/index.php?rest_route=\/wp\/v2\/media\/5532"}],"wp:attachment":[{"href":"https:\/\/razaocontab.com\/index.php?rest_route=%2Fwp%2Fv2%2Fmedia&parent=5530"}],"wp:term":[{"taxonomy":"category","embeddable":true,"href":"https:\/\/razaocontab.com\/index.php?rest_route=%2Fwp%2Fv2%2Fcategories&post=5530"},{"taxonomy":"post_tag","embeddable":true,"href":"https:\/\/razaocontab.com\/index.php?rest_route=%2Fwp%2Fv2%2Ftags&post=5530"}],"curies":[{"name":"wp","href":"https:\/\/api.w.org\/{rel}","templated":true}]}}