{"id":5482,"date":"2020-05-19T10:00:41","date_gmt":"2020-05-19T13:00:41","guid":{"rendered":"http:\/\/razaocontab-com.umbler.net\/?p=5482"},"modified":"2020-05-18T23:44:36","modified_gmt":"2020-05-19T02:44:36","slug":"guedes-diz-que-nao-havera-aumento-de-impostos","status":"publish","type":"post","link":"https:\/\/razaocontab.com\/?p=5482","title":{"rendered":"Guedes diz que n\u00e3o haver\u00e1 aumento de impostos"},"content":{"rendered":"<h2 class=\"linhadeOlho\"><em>Ministro da Economia disse que, na proposta de reforma tribut\u00e1ria, poder\u00e1 at\u00e9 prever a redu\u00e7\u00e3o de encargos<\/em><\/h2>\n<h3><em>O ministro Paulo Guedes (Economia) voltou a dizer neste s\u00e1bado (9) que o Governo n\u00e3o pretende aumentar impostos e que, na proposta de reforma tribut\u00e1ria, poder\u00e1 at\u00e9 prever a redu\u00e7\u00e3o de encargos.<\/em><\/h3>\n<p>&#8220;N\u00e3o consigo vislumbrar aumento de impostos. Podemos configurar a redu\u00e7\u00e3o de impostos&#8221;, afirmou Guedes durante uma videoconfer\u00eancia promovida pelo Ita\u00fa BBA, em debate sobre medidas superar a crise econ\u00f4mica causada pelo novo\u00a0coronav\u00edrus.<\/p>\n<p>A investidores, o ministro fez quest\u00e3o de ressaltar que o forte rombo das contas p\u00fablicas em 2020, por causa da<strong>\u00a0pandemia<\/strong>, deve ser algo excepcional. &#8220;N\u00f3s vamos continuar sinalizando a conten\u00e7\u00e3o de despesas&#8221;, frisou, em rela\u00e7\u00e3o ao ajuste fiscal pretendido para os pr\u00f3ximos anos.<\/p>\n<blockquote><p>Guedes declarou querer o controle do d\u00e9ficit fiscal e que, &#8220;se tivermos que arriscar um lado, vamos arriscar para o lado do [Ronald] Reagan&#8221;, ex-presidente dos Estados Unidos que promoveu corte de tributos e de gastos p\u00fablicos.<\/p><\/blockquote>\n<p>O ministro<strong>\u00a0voltou a defender que servidores p\u00fablicos n\u00e3o tenham aumento salarial at\u00e9 o fim de 2021<\/strong>. Essa medida foi proposta pela equipe econ\u00f4mica como contrapartida para liberar mais dinheiro no plano de socorro financeiro aos estados e munic\u00edpios durante a pandemia.<\/p>\n<p>Durante a vota\u00e7\u00e3o do pacote de ajuda aos governadores e prefeitos, o Congresso acabou blindando algumas categorias do congelamento de sal\u00e1rios, como professores, policiais federais, policiais militares, For\u00e7as Armadas, garis e peritos criminais. Essa articula\u00e7\u00e3o teve o apoio do presidente Jair Bolsonaro (sem partido), contrariando o Minist\u00e9rio da Economia.<\/p>\n<p>Para Guedes, &#8220;seria um equ\u00edvoco brutal&#8221; conceder reajuste a servidores p\u00fablicos, que t\u00eam estabilidade no cargo, em meio a um per\u00edodo de crise econ\u00f4mica.<\/p>\n<p>Segundo ele, a recupera\u00e7\u00e3o da economia brasileira ser\u00e1 baseada no controle de despesas p\u00fablicas e nas privatiza\u00e7\u00f5es. O ministro ainda acredita ser poss\u00edvel vender tr\u00eas ou quatro grandes estatais no segundo semestre do ano, mas isso depende do per\u00edodo de vig\u00eancia das medidas de isolamento para conter a expans\u00e3o da Covid-19.<\/p>\n<p>Guedes disse que o cen\u00e1rio mais esperado \u00e9 que o PIB (Produto Interno Bruto) registre um forte recuo neste ano, mas que a economia reaja em 2021.<\/p>\n<blockquote><p>&#8220;\u00c9 ainda a hip\u00f3tese mais prov\u00e1vel. A menos prov\u00e1vel \u00e9 a da prolongada recess\u00e3o&#8221;.<\/p><\/blockquote>\n<p>No entanto, durante a videoconfer\u00eancia, ele reconheceu que essa recupera\u00e7\u00e3o poder\u00e1 ser muito mais dif\u00edcil se a pandemia persistir no segundo semestre.<\/p>\n<p>O ministro apresentou as medidas adotadas para suavizar os efeitos do\u00a0coronav\u00edrus\u00a0na economia, especialmente as a\u00e7\u00f5es para tentar evitar demiss\u00f5es em massa.<\/p>\n<p>Apesar de o governo n\u00e3o ter divulgado ainda dados do comportamento do mercado de trabalho neste ano, Guedes disse que um milh\u00e3o de pessoas perderam trabalho formal, o que ele considerou pouco em rela\u00e7\u00e3o a 26 milh\u00f5es de desempregados nos Estados Unidos na crise.<\/p>\n<p>Fonte:\u00a0<em>Di\u00e1rio do Com\u00e9rcio<\/em><\/p>\n","protected":false},"excerpt":{"rendered":"<p>Ministro da Economia disse que, na proposta de reforma tribut\u00e1ria, poder\u00e1 at\u00e9 prever a redu\u00e7\u00e3o de encargos<\/p>\n","protected":false},"author":4,"featured_media":5484,"comment_status":"closed","ping_status":"closed","sticky":false,"template":"","format":"standard","meta":{"_joinchat":[],"footnotes":""},"categories":[352,334,340],"tags":[991,328,354,339,993,374,800,992,990],"class_list":["post-5482","post","type-post","status-publish","format-standard","has-post-thumbnail","hentry","category-contabilidade-na-crise","category-coronavirus","category-economia","tag-aumento-de-impostos","tag-coronavirus","tag-covid-19","tag-economia","tag-economia-brasileira","tag-governo","tag-pib","tag-reducao-de-encargos","tag-reforma-tributaria"],"jetpack_featured_media_url":"https:\/\/razaocontab.com\/wp-content\/uploads\/2020\/05\/guedes-diz-que-nao-havera-aumento-de-impostos.jpg","_links":{"self":[{"href":"https:\/\/razaocontab.com\/index.php?rest_route=\/wp\/v2\/posts\/5482","targetHints":{"allow":["GET"]}}],"collection":[{"href":"https:\/\/razaocontab.com\/index.php?rest_route=\/wp\/v2\/posts"}],"about":[{"href":"https:\/\/razaocontab.com\/index.php?rest_route=\/wp\/v2\/types\/post"}],"author":[{"embeddable":true,"href":"https:\/\/razaocontab.com\/index.php?rest_route=\/wp\/v2\/users\/4"}],"replies":[{"embeddable":true,"href":"https:\/\/razaocontab.com\/index.php?rest_route=%2Fwp%2Fv2%2Fcomments&post=5482"}],"version-history":[{"count":1,"href":"https:\/\/razaocontab.com\/index.php?rest_route=\/wp\/v2\/posts\/5482\/revisions"}],"predecessor-version":[{"id":5483,"href":"https:\/\/razaocontab.com\/index.php?rest_route=\/wp\/v2\/posts\/5482\/revisions\/5483"}],"wp:featuredmedia":[{"embeddable":true,"href":"https:\/\/razaocontab.com\/index.php?rest_route=\/wp\/v2\/media\/5484"}],"wp:attachment":[{"href":"https:\/\/razaocontab.com\/index.php?rest_route=%2Fwp%2Fv2%2Fmedia&parent=5482"}],"wp:term":[{"taxonomy":"category","embeddable":true,"href":"https:\/\/razaocontab.com\/index.php?rest_route=%2Fwp%2Fv2%2Fcategories&post=5482"},{"taxonomy":"post_tag","embeddable":true,"href":"https:\/\/razaocontab.com\/index.php?rest_route=%2Fwp%2Fv2%2Ftags&post=5482"}],"curies":[{"name":"wp","href":"https:\/\/api.w.org\/{rel}","templated":true}]}}