{"id":5311,"date":"2020-04-16T12:00:06","date_gmt":"2020-04-16T15:00:06","guid":{"rendered":"http:\/\/razaocontab-com.umbler.net\/?p=5311"},"modified":"2020-04-15T22:06:18","modified_gmt":"2020-04-16T01:06:18","slug":"camara-aprova-programa-para-tentar-estimular-emprego-veja-o-que-pode-mudar","status":"publish","type":"post","link":"https:\/\/razaocontab.com\/?p=5311","title":{"rendered":"C\u00e2mara aprova programa para tentar estimular emprego; veja o que pode mudar"},"content":{"rendered":"<h2><em>A C\u00e2mara dos Deputados aprovou ontem a Medida Provis\u00f3ria que cria o Contrato de Trabalho Verde Amarelo, para tentar estimular o emprego de jovens de 18 a 29 anos.<\/em><\/h2>\n<h3><em>Os parlamentares tamb\u00e9m inclu\u00edram as pessoas com mais de 55 anos no programa. Pela proposta, as empresas deixar\u00e3o de pagar algumas contribui\u00e7\u00f5es quando contratarem esses empregados. O texto tamb\u00e9m altera regras trabalhistas para outros trabalhadores.<\/em><\/h3>\n<p>A MP foi anunciada pelo governo federal\u00a0no final do ano passado, antes da crise do\u00a0coronav\u00edrus. Na C\u00e2mara, sofreu altera\u00e7\u00f5es at\u00e9 ser aprovada. Agora ainda precisa ser votada pelo Senado, antes de seguir para san\u00e7\u00e3o presidencial. Se o texto for alterado pelo Senado, precisa voltar para a C\u00e2mara.<\/p>\n<p>Se o Congresso n\u00e3o concluir a vota\u00e7\u00e3o at\u00e9 a pr\u00f3xima segunda-feira (20), a MP perde a validade.<\/p>\n<p>Veja abaixo os principais pontos da medida e o que a C\u00e2mara alterou em rela\u00e7\u00e3o ao projeto do governo.<\/p>\n<h3>O que \u00e9 o contrato Verde Amarelo?<\/h3>\n<p>\u00c9 uma modalidade de contrata\u00e7\u00e3o para vagas que pagam at\u00e9 um sal\u00e1rio m\u00ednimo e meio (R$ 1.567,50, em 2020). As empresas que empregam na modalidade pagam menos contribui\u00e7\u00f5es.<\/p>\n<h3>Quem poder\u00e1 ser contratado?<\/h3>\n<p>Pelas regras aprovadas na C\u00e2mara, poder\u00e3o ser contratados jovens de 18 a 29 anos para o primeiro emprego com carteira assinada e pessoas acima de 55 anos que estejam sem carteira assinada h\u00e1 mais de 12 meses. As regras tamb\u00e9m valem para trabalhadores rurais.<\/p>\n<p>No texto inicial enviado pelo governo, apenas jovens de 18 a 29 anos no primeiro emprego poderiam participar do programa.<\/p>\n<h3>Quantas pessoas podem ter o contrato verde e amarelo em uma empresa?<\/h3>\n<p>O governo tinha estabelecido o limite de 20% dos funcion\u00e1rios da empresa com contrato Verde Amarelo. A C\u00e2mara subiu esse n\u00famero para 25%.<\/p>\n<p>Empresas com at\u00e9 dez empregados podem ter dois trabalhadores na modalidade.<\/p>\n<h3>Qual o prazo de validade do contrato?<\/h3>\n<p>Os contratos podem ser assinados entre 1\u00ba de janeiro de 2020 e 31 de dezembro de 2022, e valem por no m\u00e1ximo dois anos.<\/p>\n<p>O trabalhador com contrato Verde Amarelo demitido sem justa poder\u00e1 ser contratado mais uma vez no regime, desde que a dura\u00e7\u00e3o do trabalho anterior tenha sido de at\u00e9 180 dias.<\/p>\n<h3>Que contribui\u00e7\u00f5es deixar\u00e3o de ser pagas?<\/h3>\n<p>Para os empregados com contrato Verde Amarelo, as empresas ficam isentas da contribui\u00e7\u00e3o patronal de 20% para o INSS (Instituto Nacional do Seguro Social) e de contribui\u00e7\u00f5es para o Sistema S, que mant\u00e9m Sesi, Senai, Sesc e Senac).<\/p>\n<p>O governo havia proposto que as empresas tamb\u00e9m deixassem de pagar o sal\u00e1rio-educa\u00e7\u00e3o, mas a C\u00e2mara retirou essa isen\u00e7\u00e3o do texto.<\/p>\n<h3>Como ser\u00e1 a contribui\u00e7\u00e3o ao FGTS?<\/h3>\n<p>O governo havia proposto que o FGTS (Fundo de Garantia do Tempo de Servi\u00e7o) fosse menor para os contratados nesse regime porque a contribui\u00e7\u00e3o patronal cairia de 8% para 2%. Mas a C\u00e2mara rejeitou esse trecho e manteve a contribui\u00e7\u00e3o de 8%.<\/p>\n<h3>Multa em caso de demiss\u00e3o ser\u00e1 menor?<\/h3>\n<p>Sim. O governo prop\u00f4s reduzir a multa em caso de demiss\u00e3o sem justa causa de 40% do saldo do FGTS para 20%. A C\u00e2mara manteve a redu\u00e7\u00e3o. Com isso, os contratados nessa modalidade receber\u00e3o metade da multa paga pelos demais trabalhadores da CLT (Consolida\u00e7\u00e3o das Leis do Trabalho).<\/p>\n<h3>Ser\u00e1 poss\u00edvel antecipar ao trabalhador 13\u00ba e f\u00e9rias?<\/h3>\n<p>Empresas poder\u00e3o antecipar o pagamento de verbas trabalhistas, como 13\u00ba sal\u00e1rio e adicional de f\u00e9rias, desde que haja um acordo com o empregado. O m\u00ednimo mensal a ser adiantado \u00e9 de 20% dos valores devidos.<\/p>\n<h3>Quem recebe seguro-desemprego ser\u00e1 descontado?<\/h3>\n<p>O governo havia proposto que quem recebe seguro-desemprego bancasse o benef\u00edcio dados \u00e0s empresas. O desconto obrigat\u00f3rio seria de 7,5% a 9%, dependendo do valor do seguro, e contaria como tempo de contribui\u00e7\u00e3o ao INSS.<\/p>\n<p>A C\u00e2mara alterou esse trecho, permitindo que o desempregado escolha se quer ter o desconto ou n\u00e3o. Os parlamentares tamb\u00e9m fixaram em 7,5% o percentual de desconto.<\/p>\n<h3>Ser\u00e1 permitido trabalho aos s\u00e1bados, domingos e feriados?<\/h3>\n<p>A MP do governo n\u00e3o tratava do trabalho aos s\u00e1bados, domingos e feriados, mas a C\u00e2mara resolveu acrescentar \u00e0 lei um trecho autorizando o trabalho nesses dias para algumas atividades.<\/p>\n<p>A autoriza\u00e7\u00e3o s\u00f3 vale para atividades como automa\u00e7\u00e3o banc\u00e1ria, teleatendimento, telemarketing, SAC (Servi\u00e7o de Atendimento ao Consumidor) e ouvidoria.<\/p>\n<p>O texto aprovado tamb\u00e9m autoriza atividades banc\u00e1rias em s\u00e1bados, domingos e feriados em feiras, shopping centers, aeroportos e terminais de \u00f4nibus, trem e metr\u00f4.<\/p>\n<h3>Jornada de trabalho de banc\u00e1rios ser\u00e1 afetada?<\/h3>\n<p>A medida amplia a jornada de trabalho de banc\u00e1rios como previsto em acordos coletivos assinados pela categoria.<\/p>\n<p>Para os caixas, a dura\u00e7\u00e3o normal continuar\u00e1 de seis horas di\u00e1rias, podendo ir, excepcionalmente, a oito horas. No caso dos demais trabalhadores de bancos, a jornada ser\u00e1 de oito horas.<\/p>\n<h3>Gorjetas ser\u00e3o tributadas?<\/h3>\n<p>A proposta impede a cobran\u00e7a de tributos sobre ganhos extras dos empregados, como gorjetas.<\/p>\n<p>Fonte: <a href=\"https:\/\/economia.uol.com.br\/noticias\/redacao\/2020\/04\/15\/mp-verde-e-amarelo-contrato-trabalho-jovem.htm?utm_source=chrome&amp;utm_medium=webalert&amp;utm_campaign=economia\" target=\"_blank\" rel=\"noopener noreferrer\">UOL<\/a><\/p>\n","protected":false},"excerpt":{"rendered":"<p>A C\u00e2mara dos Deputados aprovou ontem a Medida Provis\u00f3ria que cria o Contrato de Trabalho Verde Amarelo, para tentar estimular o emprego de jovens de 18 a 29 anos.<\/p>\n","protected":false},"author":4,"featured_media":5313,"comment_status":"closed","ping_status":"closed","sticky":false,"template":"","format":"standard","meta":{"_joinchat":[],"footnotes":""},"categories":[352,769,492],"tags":[762,357,763,756,328,348,125,768,374,406,523,470,342,764,765,766,525,407,767],"class_list":["post-5311","post","type-post","status-publish","format-standard","has-post-thumbnail","hentry","category-contabilidade-na-crise","category-contrato-de-trabalho-verde-amarelo","category-mp","tag-camara","tag-congresso","tag-contrato-de-trabalho-verde-e-amarelo","tag-contribuicoes","tag-coronavirus","tag-fgts","tag-gestao-empresarial","tag-gorjetas","tag-governo","tag-inss","tag-jornada-de-trabalho","tag-medida-provisoria","tag-mp","tag-parlamentares","tag-prazo-de-validade-do-contrato","tag-salario-educacao","tag-seguro-desemprego","tag-senado","tag-sistema-s"],"jetpack_featured_media_url":"https:\/\/razaocontab.com\/wp-content\/uploads\/2020\/04\/camara-aprova-programa-para-tentar-estimular-emprego-veja-o-que-pode-mudar.jpg","_links":{"self":[{"href":"https:\/\/razaocontab.com\/index.php?rest_route=\/wp\/v2\/posts\/5311","targetHints":{"allow":["GET"]}}],"collection":[{"href":"https:\/\/razaocontab.com\/index.php?rest_route=\/wp\/v2\/posts"}],"about":[{"href":"https:\/\/razaocontab.com\/index.php?rest_route=\/wp\/v2\/types\/post"}],"author":[{"embeddable":true,"href":"https:\/\/razaocontab.com\/index.php?rest_route=\/wp\/v2\/users\/4"}],"replies":[{"embeddable":true,"href":"https:\/\/razaocontab.com\/index.php?rest_route=%2Fwp%2Fv2%2Fcomments&post=5311"}],"version-history":[{"count":1,"href":"https:\/\/razaocontab.com\/index.php?rest_route=\/wp\/v2\/posts\/5311\/revisions"}],"predecessor-version":[{"id":5312,"href":"https:\/\/razaocontab.com\/index.php?rest_route=\/wp\/v2\/posts\/5311\/revisions\/5312"}],"wp:featuredmedia":[{"embeddable":true,"href":"https:\/\/razaocontab.com\/index.php?rest_route=\/wp\/v2\/media\/5313"}],"wp:attachment":[{"href":"https:\/\/razaocontab.com\/index.php?rest_route=%2Fwp%2Fv2%2Fmedia&parent=5311"}],"wp:term":[{"taxonomy":"category","embeddable":true,"href":"https:\/\/razaocontab.com\/index.php?rest_route=%2Fwp%2Fv2%2Fcategories&post=5311"},{"taxonomy":"post_tag","embeddable":true,"href":"https:\/\/razaocontab.com\/index.php?rest_route=%2Fwp%2Fv2%2Ftags&post=5311"}],"curies":[{"name":"wp","href":"https:\/\/api.w.org\/{rel}","templated":true}]}}