{"id":5158,"date":"2020-04-02T07:00:13","date_gmt":"2020-04-02T10:00:13","guid":{"rendered":"http:\/\/razaocontab-com.umbler.net\/?p=5158"},"modified":"2020-04-02T19:22:11","modified_gmt":"2020-04-02T22:22:11","slug":"coronavirus-faze-receita-adiar-declaracao-de-imposto-de-renda","status":"publish","type":"post","link":"https:\/\/razaocontab.com\/?p=5158","title":{"rendered":"Coronav\u00edrus faz Receita adiar para 30 de junho prazo de entrega da declara\u00e7\u00e3o do Imposto de Renda"},"content":{"rendered":"<h2 class=\"content-head__subtitle\"><em>Prazo era 30 de abril. Motivo do adiamento \u00e9 a crise provocada pela pandemia do coronav\u00edrus. At\u00e9 a \u00faltima segunda, tinham sido entregues 8 milh\u00f5es dos 32 milh\u00f5es de declara\u00e7\u00f5es esperadas.<\/em><\/h2>\n<div class=\"mc-column content-text active-extra-styles \" data-block-type=\"unstyled\" data-block-weight=\"32\" data-block-id=\"2\">\n<p class=\"content-text__container \" data-track-category=\"Link no Texto\" data-track-links=\"\">O secret\u00e1rio da\u00a0Receita Federal, Jos\u00e9 Tostes Neto, anunciou nesta quarta-feira (1\u00ba) a prorroga\u00e7\u00e3o do prazo de entrega da declara\u00e7\u00e3o de\u00a0Imposto de Renda da Pessoa F\u00edsica\u00a0(IRPF) por 60 dias.<\/p>\n<\/div>\n<div class=\"wall protected-content\">\n<div class=\"mc-column content-text active-extra-styles \" data-block-type=\"unstyled\" data-block-weight=\"20\" data-block-id=\"3\">\n<p class=\"content-text__container \" data-track-category=\"Link no Texto\" data-track-links=\"\">Com isso, o prazo para a entrega da declara\u00e7\u00e3o de 2020\u00a0<strong>passa de 30 de abril para 30 de junho<\/strong>.<\/p>\n<\/div>\n<div class=\"mc-column content-text active-extra-styles \" data-block-type=\"unstyled\" data-block-weight=\"35\" data-block-id=\"4\">\n<blockquote>\n<p class=\"content-text__container \" data-track-category=\"Link no Texto\" data-track-links=\"\">&#8220;Esse prazo\u00a0venceria no pr\u00f3ximo dia 30 de abril\u00a0e est\u00e1 sendo prorrogado para entrega no dia 30 de junho. Portanto prorroga\u00e7\u00e3o por dois meses do prazo de entrega das pessoas f\u00edsicas&#8221;, afirmou o secret\u00e1rio.<\/p>\n<\/blockquote>\n<\/div>\n<div class=\"mc-column content-text active-extra-styles \" data-block-type=\"unstyled\" data-block-weight=\"19\" data-block-id=\"5\">\n<p class=\"content-text__container \" data-track-category=\"Link no Texto\" data-track-links=\"\">A Receita ainda avalia se ser\u00e1 mantido o\u00a0<strong>prazo do primeiro lote da restitui\u00e7\u00e3o<\/strong>, previsto para 30 de maio.<\/p>\n<\/div>\n<div class=\"mc-column content-text active-extra-styles \" data-block-type=\"unstyled\" data-block-weight=\"23\" data-block-id=\"6\">\n<p class=\"content-text__container \" data-track-category=\"Link no Texto\" data-track-links=\"\">Tostes Neto deu as informa\u00e7\u00f5es em uma entrevista coletiva no Pal\u00e1cio do Planalto ao lado de outros integrantes da equipe econ\u00f4mica do governo.<\/p>\n<\/div>\n<div class=\"mc-column content-text active-extra-styles \" data-block-type=\"unstyled\" data-block-weight=\"27\" data-block-id=\"7\">\n<p class=\"content-text__container \" data-track-category=\"Link no Texto\" data-track-links=\"\">De acordo com o \u00faltimo balan\u00e7o divulgado pela Receita, em 30 de mar\u00e7o,\u00a0foram recebidas pelo \u00f3rg\u00e3o 8,1 milh\u00f5es de declara\u00e7\u00f5es\u00a0\u2013 cerca de 25% do total.<\/p>\n<\/div>\n<div class=\"mc-column content-text active-extra-styles \" data-block-type=\"unstyled\" data-block-weight=\"17\" data-block-id=\"8\">\n<p class=\"content-text__container \" data-track-category=\"Link no Texto\" data-track-links=\"\">A expectativa, segundo o governo federal, \u00e9 que 32 milh\u00f5es de contribuintes fa\u00e7am a declara\u00e7\u00e3o em 2020.<\/p>\n<\/div>\n<div class=\"mc-column content-text active-extra-styles\" data-block-type=\"raw\" data-block-weight=\"3\" data-block-id=\"9\">\n<div class=\"content-intertitle\">\n<h2>Impacto do coronav\u00edrus<\/h2>\n<\/div>\n<\/div>\n<div class=\"mc-column content-text active-extra-styles \" data-block-type=\"unstyled\" data-block-weight=\"27\" data-block-id=\"10\">\n<p class=\"content-text__container \" data-track-category=\"Link no Texto\" data-track-links=\"\">H\u00e1 cerca de duas semanas, o secret\u00e1rio Tostes Neto afirmou que a Receita\u00a0avaliaria o adiamento do prazo\u00a0em raz\u00e3o do avan\u00e7o da\u00a0pandemia do novo coronav\u00edrus.<\/p>\n<\/div>\n<div data-track-category=\"multicontent\" data-track-action=\"ultimo chunk conteudo\" data-track-noninteraction=\"false\" data-track-scroll=\"view\">\n<div class=\"mc-column content-text active-extra-styles \" data-block-type=\"unstyled\" data-block-weight=\"19\" data-block-id=\"12\">\n<p class=\"content-text__container \" data-track-category=\"Link no Texto\" data-track-links=\"\">Na ocasi\u00e3o, explicou que o \u00f3rg\u00e3o avaliaria o impacto da crise nas condi\u00e7\u00f5es do contribuinte de declarar o imposto.<\/p>\n<p data-track-category=\"Link no Texto\" data-track-links=\"\">Fonte: <a href=\"https:\/\/g1.globo.com\/economia\/noticia\/2020\/04\/01\/receita-adia-para-30-de-junho-prazo-de-entrega-do-imposto-de-renda.ghtml\" target=\"_blank\" rel=\"noopener noreferrer\">G1<\/a><\/p>\n<\/div>\n<\/div>\n<\/div>\n","protected":false},"excerpt":{"rendered":"<p>Prazo era 30 de abril. Motivo do adiamento \u00e9 a crise provocada pela pandemia do coronav\u00edrus. At\u00e9 a \u00faltima segunda, tinham sido entregues 8 milh\u00f5es dos 32 milh\u00f5es de declara\u00e7\u00f5es esperadas.<\/p>\n","protected":false},"author":4,"featured_media":5160,"comment_status":"closed","ping_status":"closed","sticky":false,"template":"","format":"standard","meta":{"_joinchat":[],"footnotes":""},"categories":[352,334,397,316],"tags":[463,354,467,308,378,461,314,466,464,329,465,462,313],"class_list":["post-5158","post","type-post","status-publish","format-standard","has-post-thumbnail","hentry","category-contabilidade-na-crise","category-coronavirus","category-ir-2020","category-receita-federal","tag-adiamento-de-prazo","tag-covid-19","tag-declaracao-2020","tag-declaracao-de-imposto-de-renda","tag-governo-federal","tag-impacto-do-coronavirus","tag-imposto-de-renda","tag-imposto-de-renda-pessoa-fisica","tag-palacio-do-planalto","tag-pandemia","tag-prazo-do-primeiro-lote-da-restituicao","tag-receita","tag-receita-federal"],"jetpack_featured_media_url":"https:\/\/razaocontab.com\/wp-content\/uploads\/2020\/04\/coronavirus-fazer-receita-adiar-declaracao-de-imposto-de-renda.jpg","_links":{"self":[{"href":"https:\/\/razaocontab.com\/index.php?rest_route=\/wp\/v2\/posts\/5158","targetHints":{"allow":["GET"]}}],"collection":[{"href":"https:\/\/razaocontab.com\/index.php?rest_route=\/wp\/v2\/posts"}],"about":[{"href":"https:\/\/razaocontab.com\/index.php?rest_route=\/wp\/v2\/types\/post"}],"author":[{"embeddable":true,"href":"https:\/\/razaocontab.com\/index.php?rest_route=\/wp\/v2\/users\/4"}],"replies":[{"embeddable":true,"href":"https:\/\/razaocontab.com\/index.php?rest_route=%2Fwp%2Fv2%2Fcomments&post=5158"}],"version-history":[{"count":1,"href":"https:\/\/razaocontab.com\/index.php?rest_route=\/wp\/v2\/posts\/5158\/revisions"}],"predecessor-version":[{"id":5159,"href":"https:\/\/razaocontab.com\/index.php?rest_route=\/wp\/v2\/posts\/5158\/revisions\/5159"}],"wp:featuredmedia":[{"embeddable":true,"href":"https:\/\/razaocontab.com\/index.php?rest_route=\/wp\/v2\/media\/5160"}],"wp:attachment":[{"href":"https:\/\/razaocontab.com\/index.php?rest_route=%2Fwp%2Fv2%2Fmedia&parent=5158"}],"wp:term":[{"taxonomy":"category","embeddable":true,"href":"https:\/\/razaocontab.com\/index.php?rest_route=%2Fwp%2Fv2%2Fcategories&post=5158"},{"taxonomy":"post_tag","embeddable":true,"href":"https:\/\/razaocontab.com\/index.php?rest_route=%2Fwp%2Fv2%2Ftags&post=5158"}],"curies":[{"name":"wp","href":"https:\/\/api.w.org\/{rel}","templated":true}]}}